{"id":9783,"date":"2024-05-27T10:57:35","date_gmt":"2024-05-27T10:57:35","guid":{"rendered":"https:\/\/web.montes.upm.es\/?p=9783"},"modified":"2024-05-27T10:57:37","modified_gmt":"2024-05-27T10:57:37","slug":"becario-postdoctoral-en-ecologia-microbiana-y-cambio-climatico-universidad-de-lund-suecia","status":"publish","type":"post","link":"https:\/\/web.montes.upm.es\/?p=9783","title":{"rendered":"Becario postdoctoral en Ecolog\u00eda Microbiana y cambio clim\u00e1tico &#8211; Universidad de Lund (Suecia)"},"content":{"rendered":"\n<pre class=\"wp-block-preformatted\">Empleo a tiempo completo y duraci\u00f3n determinada de un m\u00e1ximo de 3 a\u00f1os. El per\u00edodo de empleo se determina de acuerdo con el acuerdo \"Avtal om tidsbegr\u00e4nsad anst\u00e4llning som postdoktor\" (\"Acuerdo sobre el empleo de duraci\u00f3n determinada como becario postdoctoral\") entre la Universidad de Lund, SACO-S y OFR\/S, de fecha 1 de febrero de 2022.\n\nM\u00e1s informaci\u00f3n: <a href=\"https:\/\/lu.varbi.com\/en\/what:job\/jobID:725682\/\">https:\/\/lu.varbi.com\/en\/what:job\/jobID:725682\/<\/a><\/pre>\n","protected":false},"excerpt":{"rendered":"<p>Empleo a tiempo completo y duraci\u00f3n determinada de un m\u00e1ximo de 3 a\u00f1os. El per\u00edodo de empleo se determina de acuerdo con el acuerdo &#8220;Avtal om tidsbegr\u00e4nsad anst\u00e4llning som postdoktor&#8221; (&#8220;Acuerdo sobre el empleo de duraci\u00f3n determinada como becario postdoctoral&#8221;) entre la Universidad de Lund, SACO-S y OFR\/S, de fecha 1 de febrero de 2022. [&hellip;]<\/p>\n","protected":false},"author":4,"featured_media":6047,"comment_status":"closed","ping_status":"closed","sticky":false,"template":"","format":"standard","meta":{"_monsterinsights_skip_tracking":false,"_monsterinsights_sitenote_active":false,"_monsterinsights_sitenote_note":"","_monsterinsights_sitenote_category":0,"_uf_show_specific_survey":0,"_uf_disable_surveys":false,"footnotes":""},"categories":[9],"tags":[219,59,433],"class_list":["post-9783","post","type-post","status-publish","format-standard","has-post-thumbnail","hentry","category-tablon-anuncios","tag-ecologia","tag-postdoctorales","tag-universidad-de-lund"],"aioseo_notices":[],"_links":{"self":[{"href":"https:\/\/web.montes.upm.es\/index.php?rest_route=\/wp\/v2\/posts\/9783","targetHints":{"allow":["GET"]}}],"collection":[{"href":"https:\/\/web.montes.upm.es\/index.php?rest_route=\/wp\/v2\/posts"}],"about":[{"href":"https:\/\/web.montes.upm.es\/index.php?rest_route=\/wp\/v2\/types\/post"}],"author":[{"embeddable":true,"href":"https:\/\/web.montes.upm.es\/index.php?rest_route=\/wp\/v2\/users\/4"}],"replies":[{"embeddable":true,"href":"https:\/\/web.montes.upm.es\/index.php?rest_route=%2Fwp%2Fv2%2Fcomments&post=9783"}],"version-history":[{"count":1,"href":"https:\/\/web.montes.upm.es\/index.php?rest_route=\/wp\/v2\/posts\/9783\/revisions"}],"predecessor-version":[{"id":9784,"href":"https:\/\/web.montes.upm.es\/index.php?rest_route=\/wp\/v2\/posts\/9783\/revisions\/9784"}],"wp:featuredmedia":[{"embeddable":true,"href":"https:\/\/web.montes.upm.es\/index.php?rest_route=\/wp\/v2\/media\/6047"}],"wp:attachment":[{"href":"https:\/\/web.montes.upm.es\/index.php?rest_route=%2Fwp%2Fv2%2Fmedia&parent=9783"}],"wp:term":[{"taxonomy":"category","embeddable":true,"href":"https:\/\/web.montes.upm.es\/index.php?rest_route=%2Fwp%2Fv2%2Fcategories&post=9783"},{"taxonomy":"post_tag","embeddable":true,"href":"https:\/\/web.montes.upm.es\/index.php?rest_route=%2Fwp%2Fv2%2Ftags&post=9783"}],"curies":[{"name":"wp","href":"https:\/\/api.w.org\/{rel}","templated":true}]}}