{"id":9670,"date":"2024-05-09T10:30:40","date_gmt":"2024-05-09T10:30:40","guid":{"rendered":"https:\/\/web.montes.upm.es\/?p=9670"},"modified":"2024-05-09T10:30:41","modified_gmt":"2024-05-09T10:30:41","slug":"es-la-madera-el-material-del-futuro","status":"publish","type":"post","link":"https:\/\/web.montes.upm.es\/?p=9670","title":{"rendered":"\u00bfEs la madera el material del futuro?"},"content":{"rendered":"\n<p>El d\u00eda 8 de mayo, dentro del programa \u201cLa Aventura del Saber\u201d de La 2 de TVE, se emiti\u00f3 el cap\u00edtulo 2 de la s\u00e9ptima temporada de Universo Sostenible, titulado: <strong>El uso de la madera como material sostenible<\/strong>, en el que participa el profesor de la UPM, Miguel Esteban Herrero.<\/p>\n\n\n\n<p>En los \u00faltimos a\u00f1os se ha popularizado el uso de madera como material de construcci\u00f3n debido a su versatilidad y caracter\u00edsticas de sostenibilidad, por lo que es muy com\u00fan encontrar todo tipo de estructuras elaboradas con madera ya en muchas ciudades.<\/p>\n\n\n\n<p>La madera es una de las materias prima de origen vegetal m\u00e1s explotada por el hombre. Cada tipo de madera tiene propiedades individuales que son ventajosas seg\u00fan el prop\u00f3sito y el \u00e1rea de aplicaci\u00f3n, por eso, su investigaci\u00f3n nos ayuda a conocer sus propiedades y sus diferentes usos.&nbsp;<\/p>\n\n\n\n<p>La madera es probablemente el material m\u00e1s seguro, econ\u00f3mico y sostenible que ha inventado la naturaleza. Y gracias a los avances cient\u00edficos, la madera industrializada se considera un material que puede mejorar la salud y el bienestar de las personas que viven y trabajan en construcciones de madera.<\/p>\n\n\n\n<p><a href=\"https:\/\/www.upm.es\/UPM\/SalaPrensa\/Noticias?id=CON11241&amp;fmt=detail&amp;prefmt=articulo\" title=\"\">Leer art\u00edculo&#8230;<\/a><\/p>\n","protected":false},"excerpt":{"rendered":"<p>El d\u00eda 8 de mayo, dentro del programa \u201cLa Aventura del Saber\u201d de La 2 de TVE, se emiti\u00f3 el cap\u00edtulo 2 de la s\u00e9ptima temporada de Universo Sostenible, titulado: El uso de la madera como material sostenible, en el que participa el profesor de la UPM, Miguel Esteban Herrero. En los \u00faltimos a\u00f1os se [&hellip;]<\/p>\n","protected":false},"author":4,"featured_media":9671,"comment_status":"closed","ping_status":"closed","sticky":false,"template":"","format":"standard","meta":{"_monsterinsights_skip_tracking":false,"_monsterinsights_sitenote_active":false,"_monsterinsights_sitenote_note":"","_monsterinsights_sitenote_category":0,"_uf_show_specific_survey":0,"_uf_disable_surveys":false,"footnotes":""},"categories":[4,81,9],"tags":[],"class_list":["post-9670","post","type-post","status-publish","format-standard","has-post-thumbnail","hentry","category-noticias","category-protagonistas","category-tablon-anuncios"],"aioseo_notices":[],"_links":{"self":[{"href":"https:\/\/web.montes.upm.es\/index.php?rest_route=\/wp\/v2\/posts\/9670","targetHints":{"allow":["GET"]}}],"collection":[{"href":"https:\/\/web.montes.upm.es\/index.php?rest_route=\/wp\/v2\/posts"}],"about":[{"href":"https:\/\/web.montes.upm.es\/index.php?rest_route=\/wp\/v2\/types\/post"}],"author":[{"embeddable":true,"href":"https:\/\/web.montes.upm.es\/index.php?rest_route=\/wp\/v2\/users\/4"}],"replies":[{"embeddable":true,"href":"https:\/\/web.montes.upm.es\/index.php?rest_route=%2Fwp%2Fv2%2Fcomments&post=9670"}],"version-history":[{"count":2,"href":"https:\/\/web.montes.upm.es\/index.php?rest_route=\/wp\/v2\/posts\/9670\/revisions"}],"predecessor-version":[{"id":9673,"href":"https:\/\/web.montes.upm.es\/index.php?rest_route=\/wp\/v2\/posts\/9670\/revisions\/9673"}],"wp:featuredmedia":[{"embeddable":true,"href":"https:\/\/web.montes.upm.es\/index.php?rest_route=\/wp\/v2\/media\/9671"}],"wp:attachment":[{"href":"https:\/\/web.montes.upm.es\/index.php?rest_route=%2Fwp%2Fv2%2Fmedia&parent=9670"}],"wp:term":[{"taxonomy":"category","embeddable":true,"href":"https:\/\/web.montes.upm.es\/index.php?rest_route=%2Fwp%2Fv2%2Fcategories&post=9670"},{"taxonomy":"post_tag","embeddable":true,"href":"https:\/\/web.montes.upm.es\/index.php?rest_route=%2Fwp%2Fv2%2Ftags&post=9670"}],"curies":[{"name":"wp","href":"https:\/\/api.w.org\/{rel}","templated":true}]}}