{"id":9395,"date":"2024-04-02T10:45:31","date_gmt":"2024-04-02T10:45:31","guid":{"rendered":"https:\/\/web.montes.upm.es\/?p=9395"},"modified":"2024-04-02T10:45:32","modified_gmt":"2024-04-02T10:45:32","slug":"es-importante-involucrar-a-los-ecologistas-en-el-proceso-de-gestion-forestal-declaraciones-de-eduardo-tolosona-doctor-ingeniero-de-montes-profesor-del-dpto-de-ingenieria-y-gestion-forestal-de","status":"publish","type":"post","link":"https:\/\/web.montes.upm.es\/?p=9395","title":{"rendered":"&#8220;Es importante involucrar a los ecologistas en el proceso de gesti\u00f3n forestal&#8221;, declaraciones de Eduardo Tolosona, doctor Ingeniero de Montes, profesor del dpto. de Ingenier\u00eda y Gesti\u00f3n Forestal de la Universidad Polit\u00e9cnica de Madrid"},"content":{"rendered":"\n<p>Eduardo Tolosana resalt\u00f3 que en la actualidad existe una ampliaci\u00f3n del alcance de la gesti\u00f3n forestal, \u201cabarcando aspectos como la biodiversidad, las quemas prescritas y la gesti\u00f3n de cuencas y riberas, entre otras actuaciones\u201d. Asimismo,\u00a0resalt\u00f3 la necesidad de \u201capostar por\u00a0<strong>una silvicultura orientada hacia la calidad<\/strong>\u201d y apunt\u00f3 \u201cla importancia de involucrar a los ecologistas en el proceso de gesti\u00f3n forestal\u201d, reconociendo que \u201cson parte de la soluci\u00f3n y necesarios para sensibilizar a la poblaci\u00f3n\u201d. Tambi\u00e9n, anot\u00f3 que \u201cse puede discutir el modelo de gesti\u00f3n, pero no su necesidad\u201d.<\/p>\n\n\n\n<p><a href=\"https:\/\/www.noticiasdenavarra.com\/foro-hiria\/2024\/03\/22\/importante-involucrar-ecologistas-proceso-gestion-8033013.html\" title=\"\">Leer la noticia completa&#8230;<\/a><\/p>\n","protected":false},"excerpt":{"rendered":"<p>Eduardo Tolosana resalt\u00f3 que en la actualidad existe una ampliaci\u00f3n del alcance de la gesti\u00f3n forestal, \u201cabarcando aspectos como la biodiversidad, las quemas prescritas y la gesti\u00f3n de cuencas y riberas, entre otras actuaciones\u201d. Asimismo,\u00a0resalt\u00f3 la necesidad de \u201capostar por\u00a0una silvicultura orientada hacia la calidad\u201d y apunt\u00f3 \u201cla importancia de involucrar a los ecologistas en [&hellip;]<\/p>\n","protected":false},"author":4,"featured_media":5443,"comment_status":"closed","ping_status":"closed","sticky":false,"template":"","format":"standard","meta":{"_monsterinsights_skip_tracking":false,"_monsterinsights_sitenote_active":false,"_monsterinsights_sitenote_note":"","_monsterinsights_sitenote_category":0,"_uf_show_specific_survey":0,"_uf_disable_surveys":false,"footnotes":""},"categories":[4,81],"tags":[352,16,15,256,112,20,21],"class_list":["post-9395","post","type-post","status-publish","format-standard","has-post-thumbnail","hentry","category-noticias","category-protagonistas","tag-ecologista","tag-escuela-tecnica-superior-de-ingenieria-de-montes","tag-etsimfmn","tag-gestion-forestal","tag-montes","tag-universidad-politecnica-de-madrid","tag-upm"],"aioseo_notices":[],"_links":{"self":[{"href":"https:\/\/web.montes.upm.es\/index.php?rest_route=\/wp\/v2\/posts\/9395","targetHints":{"allow":["GET"]}}],"collection":[{"href":"https:\/\/web.montes.upm.es\/index.php?rest_route=\/wp\/v2\/posts"}],"about":[{"href":"https:\/\/web.montes.upm.es\/index.php?rest_route=\/wp\/v2\/types\/post"}],"author":[{"embeddable":true,"href":"https:\/\/web.montes.upm.es\/index.php?rest_route=\/wp\/v2\/users\/4"}],"replies":[{"embeddable":true,"href":"https:\/\/web.montes.upm.es\/index.php?rest_route=%2Fwp%2Fv2%2Fcomments&post=9395"}],"version-history":[{"count":2,"href":"https:\/\/web.montes.upm.es\/index.php?rest_route=\/wp\/v2\/posts\/9395\/revisions"}],"predecessor-version":[{"id":9397,"href":"https:\/\/web.montes.upm.es\/index.php?rest_route=\/wp\/v2\/posts\/9395\/revisions\/9397"}],"wp:featuredmedia":[{"embeddable":true,"href":"https:\/\/web.montes.upm.es\/index.php?rest_route=\/wp\/v2\/media\/5443"}],"wp:attachment":[{"href":"https:\/\/web.montes.upm.es\/index.php?rest_route=%2Fwp%2Fv2%2Fmedia&parent=9395"}],"wp:term":[{"taxonomy":"category","embeddable":true,"href":"https:\/\/web.montes.upm.es\/index.php?rest_route=%2Fwp%2Fv2%2Fcategories&post=9395"},{"taxonomy":"post_tag","embeddable":true,"href":"https:\/\/web.montes.upm.es\/index.php?rest_route=%2Fwp%2Fv2%2Ftags&post=9395"}],"curies":[{"name":"wp","href":"https:\/\/api.w.org\/{rel}","templated":true}]}}