{"id":9351,"date":"2024-03-20T10:00:56","date_gmt":"2024-03-20T10:00:56","guid":{"rendered":"https:\/\/web.montes.upm.es\/?p=9351"},"modified":"2024-03-20T10:00:57","modified_gmt":"2024-03-20T10:00:57","slug":"curso-taller-campanas-creativas-y-activismo-social","status":"publish","type":"post","link":"https:\/\/web.montes.upm.es\/?p=9351","title":{"rendered":"Curso-taller &#8220;Campa\u00f1as creativas y activismo social&#8221;"},"content":{"rendered":"\n<p>La Direcci\u00f3n de Cooperaci\u00f3n de la UPM &#8211; en alianza con ACNUR &#8211; est\u00e1 organizando el curso-taller <strong>\u201cCAMPA\u00d1AS CREATIVAS Y ACTIVISMO SOCIAL\u201d<\/strong> dirigido a desarrollar competencias para el desarrollo de campa\u00f1as de sensibilizaci\u00f3n en diversos temas sociales, con especial \u00e9nfasis en temas de desplazamiento y refugio.<\/p>\n\n\n\n<p>La duraci\u00f3n del curso ser\u00e1 de 3 sesiones presenciales los d\u00edas: <strong>jueves 25 &#8211; viernes 26 de abril<\/strong> y <strong>jueves 9 de mayo.<\/strong> &nbsp;Se realizar\u00e1n 2 sesiones te\u00f3ricas y 1 sesi\u00f3n pr\u00e1ctica en la que se evaluar\u00e1 las campa\u00f1as organizadas por los participantes.<\/p>\n\n\n\n<p>Los cupos son limitados, es necesario registrarse a trav\u00e9s de este enlace <a href=\"https:\/\/forms.gle\/R1aN2JrvkTASLPxU9\">https:\/\/forms.gle\/R1aN2JrvkTASLPxU9<\/a> hasta el <strong>5 de abril.<\/strong> <strong>Solo hay 35 plazas<\/strong>.<\/p>\n\n\n\n<p>El curso se realizar\u00e1 en el Centro de Liderazgo y Tecnolog\u00eda UPM (Paseo Juan XXIII, Nro. 11, Edificio B, Vicerrectorado de Internacionalizaci\u00f3n, Planta Baja).<\/p>\n\n\n\n<p>Como ponentes tendremos la participaci\u00f3n del activista Jorge Casta\u00f1eda <a href=\"https:\/\/jorgecastaneda.es\/\">(https:\/\/jorgecastaneda.es\/)<\/a> y Annalisa Maitilasso de ACNUR.<\/p>\n","protected":false},"excerpt":{"rendered":"<p>La Direcci\u00f3n de Cooperaci\u00f3n de la UPM &#8211; en alianza con ACNUR &#8211; est\u00e1 organizando el curso-taller \u201cCAMPA\u00d1AS CREATIVAS Y ACTIVISMO SOCIAL\u201d dirigido a desarrollar competencias para el desarrollo de campa\u00f1as de sensibilizaci\u00f3n en diversos temas sociales, con especial \u00e9nfasis en temas de desplazamiento y refugio. La duraci\u00f3n del curso ser\u00e1 de 3 sesiones presenciales [&hellip;]<\/p>\n","protected":false},"author":4,"featured_media":9352,"comment_status":"open","ping_status":"open","sticky":false,"template":"","format":"standard","meta":{"_monsterinsights_skip_tracking":false,"_monsterinsights_sitenote_active":false,"_monsterinsights_sitenote_note":"","_monsterinsights_sitenote_category":0,"_uf_show_specific_survey":0,"_uf_disable_surveys":false,"footnotes":""},"categories":[9],"tags":[99,150,20,21],"class_list":["post-9351","post","type-post","status-publish","format-standard","has-post-thumbnail","hentry","category-tablon-anuncios","tag-centro-de-liderazgo-y-tecnologia","tag-cooperacion","tag-universidad-politecnica-de-madrid","tag-upm"],"aioseo_notices":[],"_links":{"self":[{"href":"https:\/\/web.montes.upm.es\/index.php?rest_route=\/wp\/v2\/posts\/9351","targetHints":{"allow":["GET"]}}],"collection":[{"href":"https:\/\/web.montes.upm.es\/index.php?rest_route=\/wp\/v2\/posts"}],"about":[{"href":"https:\/\/web.montes.upm.es\/index.php?rest_route=\/wp\/v2\/types\/post"}],"author":[{"embeddable":true,"href":"https:\/\/web.montes.upm.es\/index.php?rest_route=\/wp\/v2\/users\/4"}],"replies":[{"embeddable":true,"href":"https:\/\/web.montes.upm.es\/index.php?rest_route=%2Fwp%2Fv2%2Fcomments&post=9351"}],"version-history":[{"count":1,"href":"https:\/\/web.montes.upm.es\/index.php?rest_route=\/wp\/v2\/posts\/9351\/revisions"}],"predecessor-version":[{"id":9353,"href":"https:\/\/web.montes.upm.es\/index.php?rest_route=\/wp\/v2\/posts\/9351\/revisions\/9353"}],"wp:featuredmedia":[{"embeddable":true,"href":"https:\/\/web.montes.upm.es\/index.php?rest_route=\/wp\/v2\/media\/9352"}],"wp:attachment":[{"href":"https:\/\/web.montes.upm.es\/index.php?rest_route=%2Fwp%2Fv2%2Fmedia&parent=9351"}],"wp:term":[{"taxonomy":"category","embeddable":true,"href":"https:\/\/web.montes.upm.es\/index.php?rest_route=%2Fwp%2Fv2%2Fcategories&post=9351"},{"taxonomy":"post_tag","embeddable":true,"href":"https:\/\/web.montes.upm.es\/index.php?rest_route=%2Fwp%2Fv2%2Ftags&post=9351"}],"curies":[{"name":"wp","href":"https:\/\/api.w.org\/{rel}","templated":true}]}}