{"id":9189,"date":"2024-03-05T11:21:27","date_gmt":"2024-03-05T11:21:27","guid":{"rendered":"https:\/\/web.montes.upm.es\/?p=9189"},"modified":"2024-03-05T11:21:51","modified_gmt":"2024-03-05T11:21:51","slug":"mujeres-geomaticas-y-geoespaciales","status":"publish","type":"post","link":"https:\/\/web.montes.upm.es\/?p=9189","title":{"rendered":"&#8220;Mujeres geom\u00e1ticas y geoespaciales&#8221;"},"content":{"rendered":"\n<p>La <strong>Escuela T\u00e9cnica Superior de Ingenieros en Topograf\u00eda, Geodesia y Cartograf\u00eda<\/strong> ha preparado, durante esta semana, varias actividades para celebrar el d\u00eda de la mujer, bajo el t\u00edtulo <strong>&#8220;Mujer en la Ingenier\u00eda&#8221;<\/strong>.<\/p>\n\n\n\n<p>En especial, este mi\u00e9rcoles 6 tienen la mesa redonda &#8220;Mujeres geom\u00e1ticas y geoespaciales&#8221;, muy interesante con egresadas de la Escuela.<\/p>\n","protected":false},"excerpt":{"rendered":"<p>La Escuela T\u00e9cnica Superior de Ingenieros en Topograf\u00eda, Geodesia y Cartograf\u00eda ha preparado, durante esta semana, varias actividades para celebrar el d\u00eda de la mujer, bajo el t\u00edtulo &#8220;Mujer en la Ingenier\u00eda&#8221;. En especial, este mi\u00e9rcoles 6 tienen la mesa redonda &#8220;Mujeres geom\u00e1ticas y geoespaciales&#8221;, muy interesante con egresadas de la Escuela.<\/p>\n","protected":false},"author":4,"featured_media":9190,"comment_status":"closed","ping_status":"closed","sticky":false,"template":"","format":"standard","meta":{"_monsterinsights_skip_tracking":false,"_monsterinsights_sitenote_active":false,"_monsterinsights_sitenote_note":"","_monsterinsights_sitenote_category":0,"_uf_show_specific_survey":0,"_uf_disable_surveys":false,"footnotes":""},"categories":[9],"tags":[246],"class_list":["post-9189","post","type-post","status-publish","format-standard","has-post-thumbnail","hentry","category-tablon-anuncios","tag-mujer-e-ingenieria"],"aioseo_notices":[],"_links":{"self":[{"href":"https:\/\/web.montes.upm.es\/index.php?rest_route=\/wp\/v2\/posts\/9189","targetHints":{"allow":["GET"]}}],"collection":[{"href":"https:\/\/web.montes.upm.es\/index.php?rest_route=\/wp\/v2\/posts"}],"about":[{"href":"https:\/\/web.montes.upm.es\/index.php?rest_route=\/wp\/v2\/types\/post"}],"author":[{"embeddable":true,"href":"https:\/\/web.montes.upm.es\/index.php?rest_route=\/wp\/v2\/users\/4"}],"replies":[{"embeddable":true,"href":"https:\/\/web.montes.upm.es\/index.php?rest_route=%2Fwp%2Fv2%2Fcomments&post=9189"}],"version-history":[{"count":2,"href":"https:\/\/web.montes.upm.es\/index.php?rest_route=\/wp\/v2\/posts\/9189\/revisions"}],"predecessor-version":[{"id":9192,"href":"https:\/\/web.montes.upm.es\/index.php?rest_route=\/wp\/v2\/posts\/9189\/revisions\/9192"}],"wp:featuredmedia":[{"embeddable":true,"href":"https:\/\/web.montes.upm.es\/index.php?rest_route=\/wp\/v2\/media\/9190"}],"wp:attachment":[{"href":"https:\/\/web.montes.upm.es\/index.php?rest_route=%2Fwp%2Fv2%2Fmedia&parent=9189"}],"wp:term":[{"taxonomy":"category","embeddable":true,"href":"https:\/\/web.montes.upm.es\/index.php?rest_route=%2Fwp%2Fv2%2Fcategories&post=9189"},{"taxonomy":"post_tag","embeddable":true,"href":"https:\/\/web.montes.upm.es\/index.php?rest_route=%2Fwp%2Fv2%2Ftags&post=9189"}],"curies":[{"name":"wp","href":"https:\/\/api.w.org\/{rel}","templated":true}]}}