{"id":9117,"date":"2024-02-28T11:41:23","date_gmt":"2024-02-28T11:41:23","guid":{"rendered":"https:\/\/web.montes.upm.es\/?p=9117"},"modified":"2024-02-28T11:42:45","modified_gmt":"2024-02-28T11:42:45","slug":"concierto-175-aniversario-etsi-montes-forestal-y-medio-natural","status":"publish","type":"post","link":"https:\/\/web.montes.upm.es\/?p=9117","title":{"rendered":"Concierto 175 aniversario \u00a0ETSI Montes, \u00a0Forestal \u00a0y \u00a0Medio Natural"},"content":{"rendered":"\n<p>El <strong>domingo 7 de abril a las 11:30 horas<\/strong> celebraremos el <strong>175 aniversario de la creaci\u00f3n de la Escuela de Montes, Forestal y Medio Natural<\/strong> en un concierto en el que participar\u00e1n la Orquesta y el Coro de nuestra Universidad.<\/p>\n\n\n\n<p>Toda la informaci\u00f3n sobre este evento (programa, precios entradas\u2026) puedes encontrarla en este <a href=\"http:\/\/eventos.upm.es\/go\/concierto-175aniversario-ETSI-Montes-Forestal-MedioNatural\"><strong>ENLACE<\/strong><\/a><a><\/a><\/p>\n\n\n\n<p><strong>Compra de entradas: <\/strong>A trav\u00e9s de<a href=\"https:\/\/upm.koobin.es\"><strong>https:\/\/upm.koobin.es<\/strong><\/a><strong><\/strong><\/p>\n\n\n\n<p>Como miembro de la Comunidad Universitaria UPM se pueden comprar hasta 4 entradas con un <strong>30% de descuento<\/strong>.<\/p>\n\n\n\n<p>Igualmente, queremos informarte que el <strong>mi\u00e9rcoles 3 de abril a las 17:30 horas,<\/strong> se va a impartir una <strong>conferencia-charla<\/strong> que nos permitir\u00e1 profundizar en las obras programadas.<\/p>\n\n\n\n<p>Se celebrar\u00e1 en el Paraninfo del Rectorado UPM y tambi\u00e9n se podr\u00e1 seguir v\u00eda zoom.<\/p>\n\n\n\n<p>El <strong>acceso es gratuito<\/strong> <strong>previa<\/strong> <strong>inscripci\u00f3n <\/strong>en este <a href=\"http:\/\/eventos.upm.es\/go\/conferencia-concierto-175aniversario-ETSI-Montes-Forestal-MedioNatural\"><strong>ENLACE<\/strong><\/a><\/p>\n\n\n\n<p>M\u00e1s informaci\u00f3n en <strong><a href=\"http:\/\/www.upm.es\/culturales\">www.upm.es\/culturales<\/a><\/strong><\/p>\n\n\n\n<figure class=\"wp-block-image size-large\"><img decoding=\"async\" src=\"https:\/\/web.montes.upm.es\/wp-content\/uploads\/2024\/02\/08_instagram_1x1_Concierto_175AniversarioMONTES-1024x1024.jpg\" alt=\"\" class=\"wp-image-9118\"\/><\/figure>\n","protected":false},"excerpt":{"rendered":"<p>07 de abril de 2024, 11:30h.<\/p>\n","protected":false},"author":4,"featured_media":9118,"comment_status":"closed","ping_status":"closed","sticky":false,"template":"","format":"standard","meta":{"_monsterinsights_skip_tracking":false,"_monsterinsights_sitenote_active":false,"_monsterinsights_sitenote_note":"","_monsterinsights_sitenote_category":0,"_uf_show_specific_survey":0,"_uf_disable_surveys":false,"footnotes":""},"categories":[141,5,9],"tags":[144,174,321,16,15,320,20,21],"class_list":["post-9117","post","type-post","status-publish","format-standard","has-post-thumbnail","hentry","category-clxxv-aniversario","category-eventos","category-tablon-anuncios","tag-clxxv-aniversario","tag-concierto","tag-coro-upm","tag-escuela-tecnica-superior-de-ingenieria-de-montes","tag-etsimfmn","tag-orquesta-sinfonica-upm","tag-universidad-politecnica-de-madrid","tag-upm"],"aioseo_notices":[],"_links":{"self":[{"href":"https:\/\/web.montes.upm.es\/index.php?rest_route=\/wp\/v2\/posts\/9117","targetHints":{"allow":["GET"]}}],"collection":[{"href":"https:\/\/web.montes.upm.es\/index.php?rest_route=\/wp\/v2\/posts"}],"about":[{"href":"https:\/\/web.montes.upm.es\/index.php?rest_route=\/wp\/v2\/types\/post"}],"author":[{"embeddable":true,"href":"https:\/\/web.montes.upm.es\/index.php?rest_route=\/wp\/v2\/users\/4"}],"replies":[{"embeddable":true,"href":"https:\/\/web.montes.upm.es\/index.php?rest_route=%2Fwp%2Fv2%2Fcomments&post=9117"}],"version-history":[{"count":1,"href":"https:\/\/web.montes.upm.es\/index.php?rest_route=\/wp\/v2\/posts\/9117\/revisions"}],"predecessor-version":[{"id":9119,"href":"https:\/\/web.montes.upm.es\/index.php?rest_route=\/wp\/v2\/posts\/9117\/revisions\/9119"}],"wp:featuredmedia":[{"embeddable":true,"href":"https:\/\/web.montes.upm.es\/index.php?rest_route=\/wp\/v2\/media\/9118"}],"wp:attachment":[{"href":"https:\/\/web.montes.upm.es\/index.php?rest_route=%2Fwp%2Fv2%2Fmedia&parent=9117"}],"wp:term":[{"taxonomy":"category","embeddable":true,"href":"https:\/\/web.montes.upm.es\/index.php?rest_route=%2Fwp%2Fv2%2Fcategories&post=9117"},{"taxonomy":"post_tag","embeddable":true,"href":"https:\/\/web.montes.upm.es\/index.php?rest_route=%2Fwp%2Fv2%2Ftags&post=9117"}],"curies":[{"name":"wp","href":"https:\/\/api.w.org\/{rel}","templated":true}]}}