{"id":8914,"date":"2024-02-09T11:00:43","date_gmt":"2024-02-09T11:00:43","guid":{"rendered":"https:\/\/web.montes.upm.es\/?p=8914"},"modified":"2024-02-09T11:17:20","modified_gmt":"2024-02-09T11:17:20","slug":"cursos-de-la-escuela-internacional-de-verano-2024-upm","status":"publish","type":"post","link":"https:\/\/web.montes.upm.es\/?p=8914","title":{"rendered":"Cursos de la Escuela Internacional de Verano 2024 &#8211; UPM"},"content":{"rendered":"\n<p>Ya est\u00e1n publicados los cursos de la Escuela Internacional de Verano 2024 en la p\u00e1gina web de la <a href=\"https:\/\/blogs.upm.es\/summerschool\/\">Escuela<\/a>, a falta de los cursos que se impartir\u00e1n en lengua espa\u00f1ola (que se publicar\u00e1n m\u00e1s adelante), y ya est\u00e1 abierto el plazo de inscripci\u00f3n. <\/p>\n\n\n\n<p><strong>El plazo de inscripci\u00f3n cerrar\u00e1 el 19 de abril de 2024<\/strong>.<\/p>\n\n\n\n<p>Tenemos descuentos por pronta inscripci\u00f3n hasta el 29 de febrero de 2024 y descuentos para estudiantes de EELISA y UPM (mitad de precio), adem\u00e1s de descuentos para universidades partner que env\u00edan grupos mayores de 10 estudiantes (1 plaza gratuita por cada 10 estudiantes).<\/p>\n\n\n\n<p><a href=\"https:\/\/blogs.upm.es\/summerschool\/\" title=\"M\u00e1s informacion...\">M\u00e1s informaci\u00f3n&#8230;<\/a><\/p>\n\n\n\n<div data-wp-interactive=\"core\/file\" class=\"wp-block-file\"><object data-wp-bind--hidden=\"!state.hasPdfPreview\" hidden class=\"wp-block-file__embed\" data=\"https:\/\/web.montes.upm.es\/wp-content\/uploads\/2024\/02\/DIGITAL-Flyer-Summer-School-EIV-2024.pdf\" type=\"application\/pdf\" style=\"width:100%;height:600px\" aria-label=\"Incrustado de DIGITAL-Flyer-Summer-School-EIV-2024.\"><\/object><a id=\"wp-block-file--media-dce8eb08-d8d3-47a3-be87-61fa98f8d181\" href=\"https:\/\/web.montes.upm.es\/wp-content\/uploads\/2024\/02\/DIGITAL-Flyer-Summer-School-EIV-2024.pdf\">DIGITAL-Flyer-Summer-School-EIV-2024<\/a><a href=\"https:\/\/web.montes.upm.es\/wp-content\/uploads\/2024\/02\/DIGITAL-Flyer-Summer-School-EIV-2024.pdf\" class=\"wp-block-file__button wp-element-button\" download aria-describedby=\"wp-block-file--media-dce8eb08-d8d3-47a3-be87-61fa98f8d181\">Descarga<\/a><\/div>\n","protected":false},"excerpt":{"rendered":"<p>Ya est\u00e1n publicados los cursos de la Escuela Internacional de Verano 2024 en la p\u00e1gina web de la Escuela, a falta de los cursos que se impartir\u00e1n en lengua espa\u00f1ola (que se publicar\u00e1n m\u00e1s adelante), y ya est\u00e1 abierto el plazo de inscripci\u00f3n. El plazo de inscripci\u00f3n cerrar\u00e1 el 19 de abril de 2024. Tenemos [&hellip;]<\/p>\n","protected":false},"author":4,"featured_media":8915,"comment_status":"closed","ping_status":"closed","sticky":false,"template":"","format":"standard","meta":{"_monsterinsights_skip_tracking":false,"_monsterinsights_sitenote_active":false,"_monsterinsights_sitenote_note":"","_monsterinsights_sitenote_category":0,"_uf_show_specific_survey":0,"_uf_disable_surveys":false,"footnotes":""},"categories":[9],"tags":[20,21],"class_list":["post-8914","post","type-post","status-publish","format-standard","has-post-thumbnail","hentry","category-tablon-anuncios","tag-universidad-politecnica-de-madrid","tag-upm"],"aioseo_notices":[],"_links":{"self":[{"href":"https:\/\/web.montes.upm.es\/index.php?rest_route=\/wp\/v2\/posts\/8914","targetHints":{"allow":["GET"]}}],"collection":[{"href":"https:\/\/web.montes.upm.es\/index.php?rest_route=\/wp\/v2\/posts"}],"about":[{"href":"https:\/\/web.montes.upm.es\/index.php?rest_route=\/wp\/v2\/types\/post"}],"author":[{"embeddable":true,"href":"https:\/\/web.montes.upm.es\/index.php?rest_route=\/wp\/v2\/users\/4"}],"replies":[{"embeddable":true,"href":"https:\/\/web.montes.upm.es\/index.php?rest_route=%2Fwp%2Fv2%2Fcomments&post=8914"}],"version-history":[{"count":3,"href":"https:\/\/web.montes.upm.es\/index.php?rest_route=\/wp\/v2\/posts\/8914\/revisions"}],"predecessor-version":[{"id":8919,"href":"https:\/\/web.montes.upm.es\/index.php?rest_route=\/wp\/v2\/posts\/8914\/revisions\/8919"}],"wp:featuredmedia":[{"embeddable":true,"href":"https:\/\/web.montes.upm.es\/index.php?rest_route=\/wp\/v2\/media\/8915"}],"wp:attachment":[{"href":"https:\/\/web.montes.upm.es\/index.php?rest_route=%2Fwp%2Fv2%2Fmedia&parent=8914"}],"wp:term":[{"taxonomy":"category","embeddable":true,"href":"https:\/\/web.montes.upm.es\/index.php?rest_route=%2Fwp%2Fv2%2Fcategories&post=8914"},{"taxonomy":"post_tag","embeddable":true,"href":"https:\/\/web.montes.upm.es\/index.php?rest_route=%2Fwp%2Fv2%2Ftags&post=8914"}],"curies":[{"name":"wp","href":"https:\/\/api.w.org\/{rel}","templated":true}]}}