{"id":8911,"date":"2024-02-09T10:26:31","date_gmt":"2024-02-09T10:26:31","guid":{"rendered":"https:\/\/web.montes.upm.es\/?p=8911"},"modified":"2024-02-09T10:26:31","modified_gmt":"2024-02-09T10:26:31","slug":"back-to-the-university","status":"publish","type":"post","link":"https:\/\/web.montes.upm.es\/?p=8911","title":{"rendered":"Back to the University"},"content":{"rendered":"\n<p>En el marco de la iniciativa europea &#8220;Back to the University&#8221; , un antiguo alumno de la Escuela T\u00e9cnica Superior de Ingenier\u00eda y Sistemas de Telecomunicaci\u00f3n se desplazar\u00e1 desde Bruselas hasta nuestro campus para impartir una charla a los estudiantes, profesores y personal de la UPM acerca de su trabajo en la Comisi\u00f3n Europea.<\/p>\n\n\n\n<p>La iniciativa &#8220;Back to University&#8221; ofrece la ocasi\u00f3n de conocer de\u00a0cerca el proyecto europeo y sus temas candentes; y al personal de la UE, la oportunidad de volver a su &#8220;alma mater&#8221; y convertirse en\u00a0el rostro de Europa por un d\u00eda. Tambi\u00e9n brinda a los estudiantes la oportunidad de hablar\u00a0abiertamente sobre diversos temas transfronterizos, participar en un debate sobre el proyecto\u00a0europeo, expresar con libertad sus puntos de vista y ser escuchados. Todos los gastos est\u00e1n sufragados por la Comisi\u00f3n Europea y se organiza con el esp\u00edritu de abrirla a todos los miembros de la comunidad universitaria.<\/p>\n\n\n\n<ul class=\"wp-block-list\">\n<li><strong>Fecha: Mi\u00e9rcoles 21 de febrero a las 12,30 horas<\/strong><\/li>\n\n\n\n<li><strong>Duraci\u00f3n<\/strong>: 90 minutos<\/li>\n\n\n\n<li><strong>Lugar: ETSI Sistemas de Telecomunicaci\u00f3n, Campus Sur UPM, Ctra. de Valencia, km. 7, Madrid<\/strong><\/li>\n\n\n\n<li><strong>Ponente: Daniel P\u00e9rez Asensio<\/strong>, antiguo alumno de la ETSIS\u00a0Telecomunicaci\u00f3n e Ingeniero de Seguridad Ofensiva en CERT-EU (computer emergency response team for the EU).<\/li>\n<\/ul>\n\n\n\n<p>Se ruega confirmar asistencia a:&nbsp;<a href=\"mailto:promocion.etsist@upm.es\">promocion.etsist@upm.es<\/a><\/p>\n\n\n\n<p><strong>Agenda del acto:<\/strong><\/p>\n\n\n\n<ul class=\"wp-block-list\">\n<li>Presentaci\u00f3n del evento (por el Director de la Escuela).<\/li>\n\n\n\n<li>Presentaci\u00f3n del conferenciante: experiencia y trayectoria profesional<\/li>\n\n\n\n<li>Oportunidades laborales en las instituciones europeas<\/li>\n\n\n\n<li>Ciberseguridad en un contexto internacional<\/li>\n\n\n\n<li>Ciberguerra y estado actual europeo: Cybersecurity Act<\/li>\n\n\n\n<li>Inteligencia Artificial e implicaciones de su adopci\u00f3n<\/li>\n\n\n\n<li>Oportunidades y riesgos: Artificial Intelligence Act<\/li>\n\n\n\n<li>Turno abierto de preguntas.<\/li>\n<\/ul>\n","protected":false},"excerpt":{"rendered":"<p>21 de febrero de 2024, 12:30h.<\/p>\n","protected":false},"author":4,"featured_media":8912,"comment_status":"closed","ping_status":"closed","sticky":false,"template":"","format":"standard","meta":{"_monsterinsights_skip_tracking":false,"_monsterinsights_sitenote_active":false,"_monsterinsights_sitenote_note":"","_monsterinsights_sitenote_category":0,"_uf_show_specific_survey":0,"_uf_disable_surveys":false,"footnotes":""},"categories":[129,9],"tags":[119,20,21],"class_list":["post-8911","post","type-post","status-publish","format-standard","has-post-thumbnail","hentry","category-estudiantes","category-tablon-anuncios","tag-conferencia","tag-universidad-politecnica-de-madrid","tag-upm"],"aioseo_notices":[],"_links":{"self":[{"href":"https:\/\/web.montes.upm.es\/index.php?rest_route=\/wp\/v2\/posts\/8911","targetHints":{"allow":["GET"]}}],"collection":[{"href":"https:\/\/web.montes.upm.es\/index.php?rest_route=\/wp\/v2\/posts"}],"about":[{"href":"https:\/\/web.montes.upm.es\/index.php?rest_route=\/wp\/v2\/types\/post"}],"author":[{"embeddable":true,"href":"https:\/\/web.montes.upm.es\/index.php?rest_route=\/wp\/v2\/users\/4"}],"replies":[{"embeddable":true,"href":"https:\/\/web.montes.upm.es\/index.php?rest_route=%2Fwp%2Fv2%2Fcomments&post=8911"}],"version-history":[{"count":1,"href":"https:\/\/web.montes.upm.es\/index.php?rest_route=\/wp\/v2\/posts\/8911\/revisions"}],"predecessor-version":[{"id":8913,"href":"https:\/\/web.montes.upm.es\/index.php?rest_route=\/wp\/v2\/posts\/8911\/revisions\/8913"}],"wp:featuredmedia":[{"embeddable":true,"href":"https:\/\/web.montes.upm.es\/index.php?rest_route=\/wp\/v2\/media\/8912"}],"wp:attachment":[{"href":"https:\/\/web.montes.upm.es\/index.php?rest_route=%2Fwp%2Fv2%2Fmedia&parent=8911"}],"wp:term":[{"taxonomy":"category","embeddable":true,"href":"https:\/\/web.montes.upm.es\/index.php?rest_route=%2Fwp%2Fv2%2Fcategories&post=8911"},{"taxonomy":"post_tag","embeddable":true,"href":"https:\/\/web.montes.upm.es\/index.php?rest_route=%2Fwp%2Fv2%2Ftags&post=8911"}],"curies":[{"name":"wp","href":"https:\/\/api.w.org\/{rel}","templated":true}]}}