{"id":8463,"date":"2024-01-02T11:16:27","date_gmt":"2024-01-02T11:16:27","guid":{"rendered":"https:\/\/web.montes.upm.es\/?p=8463"},"modified":"2024-01-02T11:44:22","modified_gmt":"2024-01-02T11:44:22","slug":"son-compatibles-la-explotacion-y-la-conservacion-de-la-naturaleza","status":"publish","type":"post","link":"https:\/\/web.montes.upm.es\/?p=8463","title":{"rendered":"\u00bfSon compatibles la explotaci\u00f3n y la conservaci\u00f3n de la naturaleza?\u00a0"},"content":{"rendered":"\n<p><a href=\"https:\/\/theconversation.com\/profiles\/victor-resco-de-dios-767249\">V\u00edctor Resco de Dios<\/a>, de la Universitat de Lleida, escribe este art\u00edculo en <a href=\"https:\/\/theconversation.com\/es\" data-type=\"link\" data-id=\"https:\/\/theconversation.com\/es\">The conversation<\/a> en el que se repasa la necesidad hist\u00f3rica de la Ingenier\u00eda de Montes:<\/p>\n\n\n\n<p><a href=\"https:\/\/theconversation.com\/son-compatibles-la-explotacion-y-la-conservacion-de-la-naturaleza-un-debate-con-175-anos-de-historia-220393\">\u00bfSon compatibles la explotaci\u00f3n y la conservaci\u00f3n de la naturaleza? Un debate con 175 a\u00f1os de historia (theconversation.com)<\/a><\/p>\n\n\n\n<h1 class=\"legacy\">\u00bfSon compatibles la explotaci\u00f3n y la conservaci\u00f3n de la naturaleza? Un debate con 175 a\u00f1os de\u00a0historia<\/h1>\n\n  <figure>\n    <img decoding=\"async\" src=\"https:\/\/images.theconversation.com\/files\/567409\/original\/file-20231227-17-lt2m90.jpg?ixlib=rb-1.1.0&#038;rect=0%2C17%2C5943%2C3933&#038;q=45&#038;auto=format&#038;w=754&#038;fit=clip\" \/>\n      <figcaption>\n        \n        <span class=\"attribution\"><a class=\"source\" href=\"https:\/\/www.shutterstock.com\/es\/image-photo\/yunquera-pinsapar-abies-pinsapo-sierra-de-1926729716\">Jesus Noguera photography \/ Shutterstock<\/a><\/span>\n      <\/figcaption>\n  <\/figure>\n\n<span><a href=\"https:\/\/theconversation.com\/profiles\/victor-resco-de-dios-767249\">V\u00edctor Resco de Dios<\/a>, <em><a href=\"https:\/\/theconversation.com\/institutions\/universitat-de-lleida-3488\">Universitat de Lleida<\/a><\/em><\/span>\n\n<p>Mientras escrib\u00eda estas l\u00edneas se debat\u00eda en Dub\u00e1i, por vigesimoctava vez, c\u00f3mo hacer frente al cambio clim\u00e1tico. <a href=\"https:\/\/theconversation.com\/es\/topics\/cop28-149094\">La Conferencia de las Partes de este a\u00f1o<\/a> (o COP, por sus siglas en ingl\u00e9s) se ha desarrollado en un pa\u00eds que vive del petr\u00f3leo y que muestra una de las mayores emisiones per c\u00e1pita. Adem\u00e1s, estuvo presidida por un petrosult\u00e1n, es decir, un representante de la principal industria causante de la grave crisis ambiental que las COP, en teor\u00eda, pretenden resolver.<\/p>\n\n<p>Pero lejos de los focos, del <em>marketing<\/em> ambiental y de la atenci\u00f3n medi\u00e1tica, un grupo de ingenieros inici\u00f3 hace 175 a\u00f1os una silenciosa revoluci\u00f3n verde para aunar la conservaci\u00f3n con la explotaci\u00f3n racional de los recursos naturales. En este art\u00edculo recordamos c\u00f3mo naci\u00f3 la ciencia forestal moderna en Espa\u00f1a, as\u00ed como la evoluci\u00f3n que ha sufrido y su situaci\u00f3n actual.<\/p>\n\n<h2>Degradaci\u00f3n ambiental en el Mediterr\u00e1neo<\/h2>\n\n<p>El uso y la explotaci\u00f3n de la naturaleza en el mundo mediterr\u00e1neo cuenta con milenios de historia, pero este aprovechamiento no siempre fue racional. Espa\u00f1a, por ejemplo, lleg\u00f3 al siglo XIX mostrando graves problemas de <a href=\"https:\/\/theconversation.com\/diez-buenas-noticias-sobre-desertizacion-161599\">desertificaci\u00f3n<\/a> resultantes de un sobrepastoreo secular, de la <a href=\"https:\/\/theconversation.com\/el-coste-ambiental-de-cultivar-hortalizas-en-el-desierto-118813\">creciente necesidad de tierras agr\u00edcolas<\/a>, de le\u00f1as y de carb\u00f3n, y del hambre insaciable que muestra la voraz industria de la guerra.<\/p>\n\n<p>La expansi\u00f3n de las arideces era tal que amenazaba el sustento de una poblaci\u00f3n creciente. Y de ah\u00ed surge la necesidad de regenerar los bosques y de sentar las bases cient\u00edficas para su aprovechamiento sostenible.<\/p>\n\n<figure class=\"align-right zoomable\">\n            <a href=\"https:\/\/images.theconversation.com\/files\/567406\/original\/file-20231227-17-wqueu5.jpeg?ixlib=rb-1.1.0&amp;q=45&amp;auto=format&amp;w=1000&amp;fit=clip\"><img decoding=\"async\" alt=\"\" src=\"https:\/\/images.theconversation.com\/files\/567406\/original\/file-20231227-17-wqueu5.jpeg?ixlib=rb-1.1.0&amp;q=45&amp;auto=format&amp;w=237&amp;fit=clip\" srcset=\"https:\/\/images.theconversation.com\/files\/567406\/original\/file-20231227-17-wqueu5.jpeg?ixlib=rb-1.1.0&amp;q=45&amp;auto=format&amp;w=600&amp;h=800&amp;fit=crop&amp;dpr=1 600w, https:\/\/images.theconversation.com\/files\/567406\/original\/file-20231227-17-wqueu5.jpeg?ixlib=rb-1.1.0&amp;q=30&amp;auto=format&amp;w=600&amp;h=800&amp;fit=crop&amp;dpr=2 1200w, https:\/\/images.theconversation.com\/files\/567406\/original\/file-20231227-17-wqueu5.jpeg?ixlib=rb-1.1.0&amp;q=15&amp;auto=format&amp;w=600&amp;h=800&amp;fit=crop&amp;dpr=3 1800w, https:\/\/images.theconversation.com\/files\/567406\/original\/file-20231227-17-wqueu5.jpeg?ixlib=rb-1.1.0&amp;q=45&amp;auto=format&amp;w=754&amp;h=1005&amp;fit=crop&amp;dpr=1 754w, https:\/\/images.theconversation.com\/files\/567406\/original\/file-20231227-17-wqueu5.jpeg?ixlib=rb-1.1.0&amp;q=30&amp;auto=format&amp;w=754&amp;h=1005&amp;fit=crop&amp;dpr=2 1508w, https:\/\/images.theconversation.com\/files\/567406\/original\/file-20231227-17-wqueu5.jpeg?ixlib=rb-1.1.0&amp;q=15&amp;auto=format&amp;w=754&amp;h=1005&amp;fit=crop&amp;dpr=3 2262w\" sizes=\"(min-width: 1466px) 754px, (max-width: 599px) 100vw, (min-width: 600px) 600px, 237px\"><\/a>\n            <figcaption>\n              <span class=\"caption\">La Escuela de Especial de Ingenieros de Montes ocup\u00f3 hasta 1869 el castillo de Villaviciosa de Od\u00f3n (Comunidad de Madrid).<\/span>\n              <span class=\"attribution\"><a class=\"source\" href=\"https:\/\/mediateca.educa.madrid.org\/reproducir.php?id_imagen=8ndtmenn3ursgjw8\">Direcci\u00f3n General de Turismo \/ Comunidad de Madrid.<\/a>, <a class=\"license\" href=\"http:\/\/creativecommons.org\/licenses\/by\/4.0\/\">CC BY<\/a><\/span>\n            <\/figcaption>\n          <\/figure>\n\n<p>Para suplir esta carencia se establece, en 1848, la primera escuela de ingenieros de montes del mundo hispano en Madrid. Una escuela que buscaba dar respuesta a la necesidad de una ciencia forestal, la dasonom\u00eda, para la restauraci\u00f3n, conservaci\u00f3n y aprovechamiento sostenible de los montes. La expectaci\u00f3n social que gener\u00f3 fue tal que incluso Gald\u00f3s quiso registrarla en sus <a href=\"https:\/\/www.ingenierosdemontes.org\/cns\/historia-origen-titulacion-y-profesion\"><em>Episodios Nacionales<\/em><\/a>.<\/p>\n\n<p>Tal vez la primera misi\u00f3n de gran calado tras el establecimiento de la nueva titulaci\u00f3n, desarrollada en 1855 a trav\u00e9s de la Junta Facultativa del Cuerpo de Ingenieros de Montes, fue la <a href=\"https:\/\/archive.org\/details\/A1140907\/mode\/2up?view=theater\">publicaci\u00f3n de un informe<\/a> que buscaba proteger muchos bosques de la privatizaci\u00f3n promovida por Pascual Madoz, a la saz\u00f3n ministro de Hacienda. Estamos hablando de las famosas desamortizaciones decimon\u00f3nicas, que subastaban terrenos p\u00fablicos.<\/p>\n\n<h2>Conservar fomentando el sector primario y los bosques p\u00fablicos<\/h2>\n\n<p>La Junta de Montes propuso la gesti\u00f3n p\u00fablica de gran parte de los bosques porque consider\u00f3 que los intereses privados <a href=\"https:\/\/archive.org\/details\/A1140907\/page\/n97\/mode\/2up?view=theater\">no siempre eran compatibles con la preservaci\u00f3n de los ecosistemas forestales<\/a>. Son <a href=\"https:\/\/www.mapa.gob.es\/ministerio\/pags\/biblioteca\/revistas\/pdf_ays\/a007_01.pdf\">muchos los estudios publicados<\/a> sobre las consecuencias negativas de la desamortizaci\u00f3n, de las que se beneficiaron los de siempre en perjuicio de los m\u00e1s humildes. <\/p>\n\n<p>Destacaremos aqu\u00ed un aspecto positivo, fruto de los esfuerzos de la Junta de Montes y sus sucesores: el desarrollo del Cat\u00e1logo de Montes de Utilidad P\u00fablica. Este instrumento sirvi\u00f3 para <a href=\"https:\/\/www.researchgate.net\/publication\/308208602_Los_montes_de_utilidad_publica_un_patrimonio_con_mucho_pasado_y_mucho_futuro\">exceptuar a m\u00e1s de cinco millones de hect\u00e1reas<\/a> de bosques p\u00fablicos de la desamortizaci\u00f3n.<\/p>\n\n<p>Dicho cat\u00e1logo se puede considerar una de las primeras pol\u00edticas modernas para la conservaci\u00f3n de la naturaleza basadas en principios cient\u00edficos. No busca penalizar el uso productivo del monte, sino congeniar la explotaci\u00f3n sostenible con el buen estado de salud de las masas forestales, que fomente la fertilidad del suelo, la regulaci\u00f3n h\u00eddrica y un largo etc\u00e9tera. <\/p>\n\n<p>Todav\u00eda en la actualidad los bosques catalogados constituyen una de las principales herramientas para la gesti\u00f3n y preservaci\u00f3n de los bosques p\u00fablicos.<\/p>\n\n<h2>Conservar fomentando el sector terciario<\/h2>\n\n<p>Si la conservaci\u00f3n hasta ese momento se hab\u00eda preocupado por preservar ecosistemas y desarrollar m\u00e9todos contrastados que asegurasen su aprovechamiento sostenible, una nueva corriente finisecular se fij\u00f3 m\u00e1s en algunas especies o formaciones geol\u00f3gicas concretas, generalmente las de <a href=\"https:\/\/www.mapa.gob.es\/ministerio\/pags\/biblioteca\/fondo\/pdf\/15850_all.pdf\">mayor tama\u00f1o y vistosidad<\/a>. As\u00ed, auspiciada por el senador conservador Pedro Pidal y Bernaldo de Quir\u00f3s, marqu\u00e9s de Villaviciosa de Asturias, y con el apoyo de sectores progresistas dentro de la Real Sociedad Espa\u00f1ola de Historia Natural, se aprob\u00f3 la <a href=\"https:\/\/www.boe.es\/datos\/pdfs\/BOE\/\/1916\/343\/A00575-00575.pdf\">Ley de Parques Nacionales<\/a> en 1916.<\/p>\n\n<p>Este modelo de conservaci\u00f3n segu\u00eda el ejemplo de Yellowstone, el primer parque nacional del mundo, y buscaba eliminar la presencia del hombre como agente que modela, vive y forma parte del ecosistema, y <a href=\"https:\/\/mitpress.mit.edu\/books\/conservation-refugees\">sustituirlo por \u00e9lites acaudaladas<\/a> que lo visiten los fines de semana. <\/p>\n\n<p>En Norteam\u00e9rica se <a href=\"https:\/\/www.plataformaeditorial.com\/libro\/9910-ecomitos\">deshicieron de los indios que habitaban Yellowstone con rifles<\/a>. Ese m\u00e9todo no se pod\u00eda emplear en Espa\u00f1a, por lo que se prometi\u00f3 a las poblaciones locales, cuyos derechos de aprovechamiento hab\u00edan sido limitados, una compensaci\u00f3n derivada del turismo.<\/p>\n\n<h2>\u00bfEs negativa la explotaci\u00f3n del monte?<\/h2>\n\n<p>En la actualidad el modelo americano basado en la implantaci\u00f3n de parques y reservas es el m\u00e1s expandido. Sus defensores <a href=\"https:\/\/www.mapa.gob.es\/ministerio\/pags\/biblioteca\/fondo\/pdf\/15850_all.pdf\">tildan de \u201cutilitarista\u201d<\/a> la visi\u00f3n desarrollada en 1848, en un aparente intento por demostrar que su aproximaci\u00f3n a la conservaci\u00f3n es m\u00e1s \u201cpura\u201d (en los parques nacionales no se busca el aprovechamiento). La realidad es que las reservas naturales fomentan el turismo, y la promoci\u00f3n del sector terciario no es m\u00e1s ni menos leg\u00edtima que la del primario.<\/p>\n\n<p>El modelo basado en reservas, adem\u00e1s, se ha criticado por su car\u00e1cter neocolonialista. Las limitaciones a la producci\u00f3n local implican la necesaria <a href=\"https:\/\/www.science.org\/doi\/10.1126\/science.1109476\">importaci\u00f3n de recursos de otras zonas del mundo<\/a>, como los pa\u00edses del sur global. Cabe recordar tambi\u00e9n que el turismo de monta\u00f1a <a href=\"https:\/\/link.springer.com\/chapter\/10.1007\/978-3-642-33584-6_7\">est\u00e1 promoviendo la gentrificaci\u00f3n<\/a> en distintas zonas de Europa. Sea como fuere, la tensi\u00f3n que se ha establecido entre los diferentes sectores y formas de entender la conservaci\u00f3n no es deseable.<\/p>\n\n<p>Despido este art\u00edculo con la visi\u00f3n que propone el <a href=\"https:\/\/www.ncbi.nlm.nih.gov\/books\/NBK219327\/\">influyente libro <em>Biodiversity<\/em><\/a>, editado por Edward O. Wilson (tambi\u00e9n conocido como \u201cel padre de la biodiversidad\u201d), sobre c\u00f3mo preservar la biodiversidad en el Mediterr\u00e1neo. Aunque citadas en el libro de Wilson, estas palabras en realidad pertenecen al eximio ingeniero de montes espa\u00f1ol Juan Ruiz de la Torre:<\/p>\n\n<blockquote>\n<p>\u201cLa regi\u00f3n mediterr\u00e1nea ha estado notablemente influenciada por la acci\u00f3n humana y sigue siendo muy rica en especies. Muy pocas de estas especies pertenecen a la vegetaci\u00f3n clim\u00e1cica que no ha sido perturbada en mucho tiempo. La mayor\u00eda corresponden a estados que est\u00e1n afectados por la explotaci\u00f3n natural o artificial, y deber\u00edan ser preservados bajo tales condiciones\u201d.<!-- Below is The Conversation's page counter tag. Please DO NOT REMOVE. --><img decoding=\"async\" src=\"https:\/\/counter.theconversation.com\/content\/220393\/count.gif?distributor=republish-lightbox-basic\" alt=\"The Conversation\" width=\"1\" height=\"1\" style=\"border: none !important; box-shadow: none !important; margin: 0 !important; max-height: 1px !important; max-width: 1px !important; min-height: 1px !important; min-width: 1px !important; opacity: 0 !important; outline: none !important; padding: 0 !important\" referrerpolicy=\"no-referrer-when-downgrade\" \/><!-- Fin del c\u00f3digo. Si no ve ning\u00fan c\u00f3digo arriba, por favor, obtenga el nuevo c\u00f3digo de la pesta\u00f1a Avanzado despu\u00e9s de hacer clic en el bot\u00f3n de republicar. El contador de p\u00e1ginas no recoge ning\u00fan dato personal. M\u00e1s informaci\u00f3n: http:\/\/theconversation.com\/es\/republishing-guidelines --><\/p>\n<\/blockquote>\n\n<p><span><a href=\"https:\/\/theconversation.com\/profiles\/victor-resco-de-dios-767249\">V\u00edctor Resco de Dios<\/a>, Profesor de ingenier\u00eda forestal y cambio global, <em><a href=\"https:\/\/theconversation.com\/institutions\/universitat-de-lleida-3488\">Universitat de Lleida<\/a><\/em><\/span><\/p>\n\n<p>Este art\u00edculo fue publicado originalmente en  <a href=\"https:\/\/theconversation.com\">The Conversation<\/a>. Lea el <a href=\"https:\/\/theconversation.com\/son-compatibles-la-explotacion-y-la-conservacion-de-la-naturaleza-un-debate-con-175-anos-de-historia-220393\">original<\/a>.<\/p>\n\n","protected":false},"excerpt":{"rendered":"<p>V\u00edctor Resco de Dios, de la Universitat de Lleida, escribe este art\u00edculo en The conversation en el que se repasa la necesidad hist\u00f3rica de la Ingenier\u00eda de Montes: \u00bfSon compatibles la explotaci\u00f3n y la conservaci\u00f3n de la naturaleza? Un debate con 175 a\u00f1os de historia (theconversation.com) \u00bfSon compatibles la explotaci\u00f3n y la conservaci\u00f3n de la [&hellip;]<\/p>\n","protected":false},"author":6,"featured_media":8464,"comment_status":"closed","ping_status":"closed","sticky":false,"template":"","format":"standard","meta":{"_monsterinsights_skip_tracking":false,"_monsterinsights_sitenote_active":false,"_monsterinsights_sitenote_note":"","_monsterinsights_sitenote_category":0,"_uf_show_specific_survey":0,"_uf_disable_surveys":false,"footnotes":""},"categories":[141,4],"tags":[144,159,30],"class_list":["post-8463","post","type-post","status-publish","format-standard","has-post-thumbnail","hentry","category-clxxv-aniversario","category-noticias","tag-clxxv-aniversario","tag-conservacion","tag-ingenieria"],"aioseo_notices":[],"_links":{"self":[{"href":"https:\/\/web.montes.upm.es\/index.php?rest_route=\/wp\/v2\/posts\/8463","targetHints":{"allow":["GET"]}}],"collection":[{"href":"https:\/\/web.montes.upm.es\/index.php?rest_route=\/wp\/v2\/posts"}],"about":[{"href":"https:\/\/web.montes.upm.es\/index.php?rest_route=\/wp\/v2\/types\/post"}],"author":[{"embeddable":true,"href":"https:\/\/web.montes.upm.es\/index.php?rest_route=\/wp\/v2\/users\/6"}],"replies":[{"embeddable":true,"href":"https:\/\/web.montes.upm.es\/index.php?rest_route=%2Fwp%2Fv2%2Fcomments&post=8463"}],"version-history":[{"count":2,"href":"https:\/\/web.montes.upm.es\/index.php?rest_route=\/wp\/v2\/posts\/8463\/revisions"}],"predecessor-version":[{"id":8474,"href":"https:\/\/web.montes.upm.es\/index.php?rest_route=\/wp\/v2\/posts\/8463\/revisions\/8474"}],"wp:featuredmedia":[{"embeddable":true,"href":"https:\/\/web.montes.upm.es\/index.php?rest_route=\/wp\/v2\/media\/8464"}],"wp:attachment":[{"href":"https:\/\/web.montes.upm.es\/index.php?rest_route=%2Fwp%2Fv2%2Fmedia&parent=8463"}],"wp:term":[{"taxonomy":"category","embeddable":true,"href":"https:\/\/web.montes.upm.es\/index.php?rest_route=%2Fwp%2Fv2%2Fcategories&post=8463"},{"taxonomy":"post_tag","embeddable":true,"href":"https:\/\/web.montes.upm.es\/index.php?rest_route=%2Fwp%2Fv2%2Ftags&post=8463"}],"curies":[{"name":"wp","href":"https:\/\/api.w.org\/{rel}","templated":true}]}}