{"id":8421,"date":"2023-12-21T09:10:54","date_gmt":"2023-12-21T09:10:54","guid":{"rendered":"https:\/\/web.montes.upm.es\/?p=8421"},"modified":"2023-12-21T09:10:54","modified_gmt":"2023-12-21T09:10:54","slug":"young-forest-researchers-meeting-2024","status":"publish","type":"post","link":"https:\/\/web.montes.upm.es\/?p=8421","title":{"rendered":"Young Forest Researchers Meeting 2024"},"content":{"rendered":"\n<p>Desde <strong>el Instituto Universitario para la Gesti\u00f3n Forestal Sostenible de la Universidad de Valladolid<\/strong> (iuFOR: <a href=\"https:\/\/iufor.uva.es\">https:\/\/iufor.uva.es<\/a>) quieren invitar a los J\u00f3venes Investigadores del \u00e1mbito forestal a participar en el <strong>Young Forest Researchers Meeting 2024, que tendr\u00e1 lugar los d\u00edas 31 de enero y 1 de febrero de 2024<\/strong>.<\/p>\n\n\n\n<p>En el mencionado instituto se lleva a cabo desde 2005 una Reuni\u00f3n Anual de J\u00f3venes Investigadores Forestales. En esta edici\u00f3n llegan a la edici\u00f3n n\u00famero XVIII y aunque normalmente, este encuentro est\u00e1 dirigido a estudiantes de los diferentes programas de m\u00e1ster y doctorado de la Universidad de Valladolid, este a\u00f1o se va a extender esta iniciativa a otras Universidades que tengan programas vinculados a las Ciencias Forestales y a empresas del sector que quieran participar.<\/p>\n\n\n\n<p>El encuentro pretende dotar de una experiencia de transferencia de resultados de investigaci\u00f3n en un marco internacional, as\u00ed como para establecer redes con investigadores m\u00e1s experimentados pertenecientes a diferentes \u00e1reas de conocimiento, y para generan posibles nuevos v\u00ednculos entre grupos de investigaci\u00f3n presentes y futuros, en un escenario amigable.<\/p>\n\n\n\n<p>El Encuentro se desarrollar\u00e1 durante los d\u00edas <strong>31 DE ENERO Y 1 DE FEBRERO DE 2024 en la ETSIAA (Palencia)<\/strong> y tendr\u00e1 la siguiente estructura: una ponencia inaugural; una mesa redonda; charlas cortas de 10 minutos; y presentaci\u00f3n de posters. La Comisi\u00f3n de organizaci\u00f3n del congreso seleccionar\u00e1 las ponencias y limitar\u00e1 el n\u00famero de participantes, si fuera necesario.&nbsp;<\/p>\n\n\n\n<p>Los plazos y las condiciones para registrarse, as\u00ed como el programa del Congreso est\u00e1n recogidos en la web EVENTOS de la UVa, en los siguientes links:<\/p>\n\n\n\n<p>Registro: <a href=\"https:\/\/eventos.uva.es\/107787\/detail\/xviii-annual-young-foresters-researchers-meeting.html\">https:\/\/eventos.uva.es\/107787\/detail\/xviii-annual-young-foresters-researchers-meeting.html<\/a><\/p>\n\n\n\n<p>Modelo de Abstract: <a href=\"https:\/\/eventos.uva.es\/107787\/files\/xviii-annual-young-foresters-researchers-meeting.html\">https:\/\/eventos.uva.es\/107787\/files\/xviii-annual-young-foresters-researchers-meeting.html<\/a><\/p>\n\n\n\n<p>Programa (se ir\u00e1 completando con los t\u00edtulos de las charlas uy los ponentes seleccionados): <a href=\"https:\/\/eventos.uva.es\/107787\/programme\/xviii-annual-young-foresters-researchers-meeting.html\">https:\/\/eventos.uva.es\/107787\/programme\/xviii-annual-young-foresters-researchers-meeting.html<\/a><\/p>\n\n\n\n<p>La Organizaci\u00f3n correr\u00e1 con los gastos de las comidas y los caf\u00e9s que se programen.&nbsp;<\/p>\n\n\n\n<p>NOTA: Se ruega que para cualquier contacto relativo al congreso utilicen exclusivamente el siguiente correo: <strong><a href=\"mailto:forestmeeting_24@uva.es\">forestmeeting_24@uva.es<\/a><\/strong><\/p>\n\n\n\n<p>NOTA 2: El congreso se desarrollar\u00e1 \u00edntegra y exclusivamente en ingl\u00e9s<\/p>\n","protected":false},"excerpt":{"rendered":"<p>Desde el Instituto Universitario para la Gesti\u00f3n Forestal Sostenible de la Universidad de Valladolid (iuFOR: https:\/\/iufor.uva.es) quieren invitar a los J\u00f3venes Investigadores del \u00e1mbito forestal a participar en el Young Forest Researchers Meeting 2024, que tendr\u00e1 lugar los d\u00edas 31 de enero y 1 de febrero de 2024. En el mencionado instituto se lleva a [&hellip;]<\/p>\n","protected":false},"author":4,"featured_media":119,"comment_status":"open","ping_status":"open","sticky":false,"template":"","format":"standard","meta":{"_monsterinsights_skip_tracking":false,"_monsterinsights_sitenote_active":false,"_monsterinsights_sitenote_note":"","_monsterinsights_sitenote_category":0,"_uf_show_specific_survey":0,"_uf_disable_surveys":false,"footnotes":""},"categories":[9],"tags":[65,75,22,239,238],"class_list":["post-8421","post","type-post","status-publish","format-standard","has-post-thumbnail","hentry","category-tablon-anuncios","tag-ciencias-forestales","tag-estudiantes","tag-forestal","tag-universidad-de-valladolid","tag-young-forest-researchers-meeting-2024"],"aioseo_notices":[],"_links":{"self":[{"href":"https:\/\/web.montes.upm.es\/index.php?rest_route=\/wp\/v2\/posts\/8421","targetHints":{"allow":["GET"]}}],"collection":[{"href":"https:\/\/web.montes.upm.es\/index.php?rest_route=\/wp\/v2\/posts"}],"about":[{"href":"https:\/\/web.montes.upm.es\/index.php?rest_route=\/wp\/v2\/types\/post"}],"author":[{"embeddable":true,"href":"https:\/\/web.montes.upm.es\/index.php?rest_route=\/wp\/v2\/users\/4"}],"replies":[{"embeddable":true,"href":"https:\/\/web.montes.upm.es\/index.php?rest_route=%2Fwp%2Fv2%2Fcomments&post=8421"}],"version-history":[{"count":1,"href":"https:\/\/web.montes.upm.es\/index.php?rest_route=\/wp\/v2\/posts\/8421\/revisions"}],"predecessor-version":[{"id":8422,"href":"https:\/\/web.montes.upm.es\/index.php?rest_route=\/wp\/v2\/posts\/8421\/revisions\/8422"}],"wp:featuredmedia":[{"embeddable":true,"href":"https:\/\/web.montes.upm.es\/index.php?rest_route=\/wp\/v2\/media\/119"}],"wp:attachment":[{"href":"https:\/\/web.montes.upm.es\/index.php?rest_route=%2Fwp%2Fv2%2Fmedia&parent=8421"}],"wp:term":[{"taxonomy":"category","embeddable":true,"href":"https:\/\/web.montes.upm.es\/index.php?rest_route=%2Fwp%2Fv2%2Fcategories&post=8421"},{"taxonomy":"post_tag","embeddable":true,"href":"https:\/\/web.montes.upm.es\/index.php?rest_route=%2Fwp%2Fv2%2Ftags&post=8421"}],"curies":[{"name":"wp","href":"https:\/\/api.w.org\/{rel}","templated":true}]}}