{"id":7206,"date":"2023-11-28T08:24:35","date_gmt":"2023-11-28T08:24:35","guid":{"rendered":"https:\/\/web.montes.upm.es\/?p=7206"},"modified":"2023-11-28T08:26:59","modified_gmt":"2023-11-28T08:26:59","slug":"ceremonia-de-entrega-de-premios-y-reconocimientos-a-la-calidad-upm","status":"publish","type":"post","link":"https:\/\/web.montes.upm.es\/?p=7206","title":{"rendered":"Entrega de Premios y Reconocimientos a la Calidad UPM"},"content":{"rendered":"\n<p>El pasado d\u00eda\u00a0<strong>21 de noviembre a las 18:00h, en el Sal\u00f3n Agust\u00edn de Betancourt de la ETSI de Caminos, Canales y Puertos<\/strong>, tuvo lugar la segunda edici\u00f3n de la\u00a0<strong>\u00abCeremonia de entrega de los Premios y Reconocimientos a la Calidad UPM\u00bb<\/strong>, presidida por el Rector Magn\u00edfico, D. Guillermo Cisneros P\u00e9rez.<\/p>\n\n\n\n<p>Los\u00a0<strong>Premios Anuales a la Calidad<\/strong>\u00a0de la Universidad Polit\u00e9cnica de Madrid est\u00e1n dirigidos al reconocimiento p\u00fablico de quienes han contribuido significativamente a la mejora de la calidad de la Universidad. Con estos premios, la Universidad pretende incentivar la cultura de calidad, la mejora continua, y la innovaci\u00f3n en la forma en que se estructura la vida acad\u00e9mica.<\/p>\n\n\n\n<p>En esta Ceremonia se hicieron entrega de los premios\u00a0<strong>Excelent-ES<\/strong>, dirigido a estudiantes,\u00a0<strong>PASCal<\/strong>, dirigido a Personal T\u00e9cnico, de Gesti\u00f3n, de Administraci\u00f3n y Servicios, as\u00ed como una serie de diplomas acreditativos, por sus logros, a Centros, Comunidades EELISA, y al Personal Docente e Investigador de la UPM que ha obtenido una valoraci\u00f3n EXCELENTE en la \u00faltima edici\u00f3n del Programa DOCENTIA.<\/p>\n","protected":false},"excerpt":{"rendered":"<p>El pasado d\u00eda\u00a021 de noviembre a las 18:00h, en el Sal\u00f3n Agust\u00edn de Betancourt de la ETSI de Caminos, Canales y Puertos, tuvo lugar la segunda edici\u00f3n de la\u00a0\u00abCeremonia de entrega de los Premios y Reconocimientos a la Calidad UPM\u00bb, presidida por el Rector Magn\u00edfico, D. Guillermo Cisneros P\u00e9rez. Los\u00a0Premios Anuales a la Calidad\u00a0de la [&hellip;]<\/p>\n","protected":false},"author":4,"featured_media":7207,"comment_status":"closed","ping_status":"closed","sticky":false,"template":"","format":"standard","meta":{"_monsterinsights_skip_tracking":false,"_monsterinsights_sitenote_active":false,"_monsterinsights_sitenote_note":"","_monsterinsights_sitenote_category":0,"_uf_show_specific_survey":0,"_uf_disable_surveys":false,"footnotes":""},"categories":[4,81],"tags":[96,16,15,45,20,21],"class_list":["post-7206","post","type-post","status-publish","format-standard","has-post-thumbnail","hentry","category-noticias","category-protagonistas","tag-calidad","tag-escuela-tecnica-superior-de-ingenieria-de-montes","tag-etsimfmn","tag-premios","tag-universidad-politecnica-de-madrid","tag-upm"],"aioseo_notices":[],"_links":{"self":[{"href":"https:\/\/web.montes.upm.es\/index.php?rest_route=\/wp\/v2\/posts\/7206","targetHints":{"allow":["GET"]}}],"collection":[{"href":"https:\/\/web.montes.upm.es\/index.php?rest_route=\/wp\/v2\/posts"}],"about":[{"href":"https:\/\/web.montes.upm.es\/index.php?rest_route=\/wp\/v2\/types\/post"}],"author":[{"embeddable":true,"href":"https:\/\/web.montes.upm.es\/index.php?rest_route=\/wp\/v2\/users\/4"}],"replies":[{"embeddable":true,"href":"https:\/\/web.montes.upm.es\/index.php?rest_route=%2Fwp%2Fv2%2Fcomments&post=7206"}],"version-history":[{"count":3,"href":"https:\/\/web.montes.upm.es\/index.php?rest_route=\/wp\/v2\/posts\/7206\/revisions"}],"predecessor-version":[{"id":7210,"href":"https:\/\/web.montes.upm.es\/index.php?rest_route=\/wp\/v2\/posts\/7206\/revisions\/7210"}],"wp:featuredmedia":[{"embeddable":true,"href":"https:\/\/web.montes.upm.es\/index.php?rest_route=\/wp\/v2\/media\/7207"}],"wp:attachment":[{"href":"https:\/\/web.montes.upm.es\/index.php?rest_route=%2Fwp%2Fv2%2Fmedia&parent=7206"}],"wp:term":[{"taxonomy":"category","embeddable":true,"href":"https:\/\/web.montes.upm.es\/index.php?rest_route=%2Fwp%2Fv2%2Fcategories&post=7206"},{"taxonomy":"post_tag","embeddable":true,"href":"https:\/\/web.montes.upm.es\/index.php?rest_route=%2Fwp%2Fv2%2Ftags&post=7206"}],"curies":[{"name":"wp","href":"https:\/\/api.w.org\/{rel}","templated":true}]}}