{"id":6868,"date":"2023-10-23T08:52:26","date_gmt":"2023-10-23T08:52:26","guid":{"rendered":"https:\/\/web.montes.upm.es\/?p=6868"},"modified":"2023-10-23T08:52:26","modified_gmt":"2023-10-23T08:52:26","slug":"webinar-proyectos-semilla-upm-mit-misti","status":"publish","type":"post","link":"https:\/\/web.montes.upm.es\/?p=6868","title":{"rendered":"Webinar Proyectos SEMILLA UPM-MIT (MISTI)"},"content":{"rendered":"\n<p>Con motivo de la publicaci\u00f3n de la convocatoria de proyectos semilla UPM-MIT en su programa MISTI (<a href=\"https:\/\/www.upm.es\/Investigacion\/Programa_Propio_UPM\/2023\/ListadoConvocatorias?id=751a93b9bebba810VgnVCM10000009c7648a____&amp;fmt=detail\">ver convocatoria<\/a>), se va a realizar un webinar breve para todos aquellos investigadores y profesores interesados.<\/p>\n\n\n\n<p>S\u00f3lo pueden concurrir a estos proyectos investigadores que puedan firmar proyectos como <em>Investigador principal<\/em><em> (Investigador Responsable<\/em>).<\/p>\n\n\n\n<p><strong>WEBINAR: PROYECTOS SEMILLA UPM-MIT MISTI<\/strong><\/p>\n\n\n\n<p><strong>FECHA: 26 de octubre de 2023<\/strong><\/p>\n\n\n\n<p><strong>HORA: 16:00h<\/strong><\/p>\n\n\n\n<p>A continuaci\u00f3n se incluye un resumen informativo de la convocatoria:<\/p>\n\n\n\n<p><strong>Objetivo <\/strong>&#8211; Promover el desarrollo de proyectos colaborativos en fase inicial entre centros e investigadores del MIT y la UPM, incluyendo el intercambio de estudiantes y profesores.<\/p>\n\n\n\n<p><strong>Algunos aspectos<\/strong> (ver detalles en <a href=\"https:\/\/www.upm.es\/sfs\/Rectorado\/Secretaria%20General\/BOUPM\/2023\/I.B.-%20Ac_Resol_Resoluciones%20Rectorales_sep.pdf\">la convocatoria<\/a>):<\/p>\n\n\n\n<ul class=\"wp-block-list\">\n<li>Las propuestas son conjuntas, entre investigadores de la UPM e investigadores del MIT.\n<ul class=\"wp-block-list\">\n<li>Est\u00e1 abierto a profesores e investigadores del MIT con privilegios de investigador principal (investigadores principales e investigadores senior).<\/li>\n\n\n\n<li>Es requisito de la UPM que los proponentes UPM sean investigadores con vinculaci\u00f3n permanente (ver convocatoria).<\/li>\n<\/ul>\n<\/li>\n\n\n\n<li>Los proyectos financiados se desarrollar\u00e1n en 2024 en funci\u00f3n del calendario de la convocatoria del MISTI. Los importes de cada ayuda se anunciar\u00e1n junto con la selecci\u00f3n de candidatos y los gastos se podr\u00e1n ejecutar durante un per\u00edodo de 20 meses.<\/li>\n\n\n\n<li>Estas ayudas podr\u00e1n tener el car\u00e1cter de complementarias de otras ayudas o subvenciones, no pudiendo en ning\u00fan caso realizarse doble justificaci\u00f3n del mismo gasto.<\/li>\n\n\n\n<li>La ayuda est\u00e1 orientada a cubrir los gastos derivados de los viajes y organizaci\u00f3n de reuniones para el desarrollo de proyectos internacionales en colaboraci\u00f3n con el MIT durante su fase inicial.<\/li>\n\n\n\n<li>El m\u00e1ximo financiable por proyecto es de $30.000.<\/li>\n\n\n\n<li>Plazo para el env\u00edo de solicitudes hasta el 12 de diciembre 2023.<\/li>\n<\/ul>\n\n\n\n<p><strong>Enlaces de inter\u00e9s<\/strong>@MIT:<\/p>\n\n\n\n<ul class=\"wp-block-list\">\n<li>Programa MISTI &#8211; Faculty Funds: <a href=\"https:\/\/misti.mit.edu\/faculty-funds\">https:\/\/misti.mit.edu\/faculty-funds<\/a><\/li>\n\n\n\n<li>Global Seed Funds Spain (GSF-Spain, UPM): <a href=\"https:\/\/misti.mit.edu\/faculty-funds\/available-funds\/gsf-spain\">https:\/\/misti.mit.edu\/faculty-funds\/available-funds\/gsf-spain<\/a><\/li>\n\n\n\n<li>Guidelines &amp; Elegibility: <a href=\"https:\/\/misti.mit.edu\/faculty-funds\/guidelines-eligibility\">https:\/\/misti.mit.edu\/faculty-funds\/guidelines-eligibility<\/a><\/li>\n\n\n\n<li>Apply for funding: <a href=\"https:\/\/misti.mit.edu\/faculty-funds\/apply-funding\">https:\/\/misti.mit.edu\/faculty-funds\/apply-funding<\/a><\/li>\n\n\n\n<li>FAQs: <a href=\"https:\/\/misti.mit.edu\/faculty-funds\/faculty-funds-faq\">https:\/\/misti.mit.edu\/faculty-funds\/faculty-funds-faq<\/a><\/li>\n<\/ul>\n\n\n\n<p><strong>Contactos y consultas<\/strong>:<\/p>\n\n\n\n<ul class=\"wp-block-list\">\n<li>El MISTI recomienda que investigadores de la UPM contacten con profesores e investigadores del MIT directamente para intercambiar opiniones sobre la posibilidad de presentar nuevos proyectos.<\/li>\n\n\n\n<li>Para aquellos que no tengan contactos previos se recomienda la direcci\u00f3n: <a href=\"http:\/\/web.mit.edu\/research\">http:\/\/web.mit.edu\/research<\/a><\/li>\n\n\n\n<li>Las consultas espec\u00edficas sobre la convocatoria y solicitudes que no puedan resolverse de forma general, pueden hacerse por correo electr\u00f3nico en la direcci\u00f3n <a href=\"mailto:delegacion.norteamerica@upm.es\">delegacion.norteamerica@upm.es<\/a><\/li>\n<\/ul>\n\n\n\n<p><strong>M\u00e1s informaci\u00f3n:<\/strong><\/p>\n\n\n\n<p>Delegaci\u00f3n Norteam\u00e9rica UPM<\/p>\n\n\n\n<p>Vicerrectorado de Internacionalizaci\u00f3n<\/p>\n\n\n\n<p>Servicio de Relaciones Internacionales<\/p>\n\n\n\n<p>Paseo Juan XXIII, n\u00ba 11. 28040, Madrid&nbsp;SPAIN<\/p>\n","protected":false},"excerpt":{"rendered":"<p>Con motivo de la publicaci\u00f3n de la convocatoria de proyectos semilla UPM-MIT en su programa MISTI (ver convocatoria), se va a realizar un webinar breve para todos aquellos investigadores y profesores interesados. S\u00f3lo pueden concurrir a estos proyectos investigadores que puedan firmar proyectos como Investigador principal (Investigador Responsable). WEBINAR: PROYECTOS SEMILLA UPM-MIT MISTI FECHA: 26 [&hellip;]<\/p>\n","protected":false},"author":4,"featured_media":117,"comment_status":"closed","ping_status":"closed","sticky":false,"template":"","format":"standard","meta":{"_monsterinsights_skip_tracking":false,"_monsterinsights_sitenote_active":false,"_monsterinsights_sitenote_note":"","_monsterinsights_sitenote_category":0,"_uf_show_specific_survey":0,"_uf_disable_surveys":false,"footnotes":""},"categories":[9],"tags":[16,15,88,193,192,20,21],"class_list":["post-6868","post","type-post","status-publish","format-standard","has-post-thumbnail","hentry","category-tablon-anuncios","tag-escuela-tecnica-superior-de-ingenieria-de-montes","tag-etsimfmn","tag-internacional","tag-misti","tag-proyectos-semilla-upm-mit","tag-universidad-politecnica-de-madrid","tag-upm"],"aioseo_notices":[],"_links":{"self":[{"href":"https:\/\/web.montes.upm.es\/index.php?rest_route=\/wp\/v2\/posts\/6868","targetHints":{"allow":["GET"]}}],"collection":[{"href":"https:\/\/web.montes.upm.es\/index.php?rest_route=\/wp\/v2\/posts"}],"about":[{"href":"https:\/\/web.montes.upm.es\/index.php?rest_route=\/wp\/v2\/types\/post"}],"author":[{"embeddable":true,"href":"https:\/\/web.montes.upm.es\/index.php?rest_route=\/wp\/v2\/users\/4"}],"replies":[{"embeddable":true,"href":"https:\/\/web.montes.upm.es\/index.php?rest_route=%2Fwp%2Fv2%2Fcomments&post=6868"}],"version-history":[{"count":1,"href":"https:\/\/web.montes.upm.es\/index.php?rest_route=\/wp\/v2\/posts\/6868\/revisions"}],"predecessor-version":[{"id":6869,"href":"https:\/\/web.montes.upm.es\/index.php?rest_route=\/wp\/v2\/posts\/6868\/revisions\/6869"}],"wp:featuredmedia":[{"embeddable":true,"href":"https:\/\/web.montes.upm.es\/index.php?rest_route=\/wp\/v2\/media\/117"}],"wp:attachment":[{"href":"https:\/\/web.montes.upm.es\/index.php?rest_route=%2Fwp%2Fv2%2Fmedia&parent=6868"}],"wp:term":[{"taxonomy":"category","embeddable":true,"href":"https:\/\/web.montes.upm.es\/index.php?rest_route=%2Fwp%2Fv2%2Fcategories&post=6868"},{"taxonomy":"post_tag","embeddable":true,"href":"https:\/\/web.montes.upm.es\/index.php?rest_route=%2Fwp%2Fv2%2Ftags&post=6868"}],"curies":[{"name":"wp","href":"https:\/\/api.w.org\/{rel}","templated":true}]}}