{"id":6811,"date":"2023-10-17T06:38:13","date_gmt":"2023-10-17T06:38:13","guid":{"rendered":"https:\/\/web.montes.upm.es\/?p=6811"},"modified":"2023-10-17T06:38:13","modified_gmt":"2023-10-17T06:38:13","slug":"manuel-garcia-cambon-el-gallego-que-revoluciono-la-industria-maderera-con-su-sueno-finsa","status":"publish","type":"post","link":"https:\/\/web.montes.upm.es\/?p=6811","title":{"rendered":"Manuel Garc\u00eda Camb\u00f3n, el gallego que revolucion\u00f3 la industria maderera con su sue\u00f1o: Finsa"},"content":{"rendered":"\n<p><em>En 2019, un equipo de arque\u00f3logos realizaba un extraordinario descubrimiento en un yacimiento en Zambia: la estructura de madera m\u00e1s antigua jam\u00e1s encontrada.\u00a0<strong>Datar estas piezas de madera no fue sencillo, teniendo que emplear una t\u00e9cnica para medir la radiactividad<\/strong>\u00a0natural de los minerales que la cubr\u00edan, para determinar cu\u00e1ndo hab\u00eda estado expuesta a la luz solar por \u00faltima vez. As\u00ed fue como dataron la estructura en 476.000 a\u00f1os. Si tenemos en cuenta que los primeros f\u00f3siles de Homo Sapiens datan de hace 300.000 a\u00f1os, este descubrimiento sugiere que una especie m\u00e1s antigua comenz\u00f3 a utilizar herramientas mucho antes de lo que se cre\u00eda,\u00a0<strong>us\u00e1ndolas para dar forma y unir dos grandes troncos formando una estructura que, probablemente, compon\u00eda los cimientos de una vivienda<\/strong>. Desde tiempos muy remotos, la madera es y ha sido vital para nuestra civilizaci\u00f3n, ya que nos ha permitido resolver m\u00faltiples necesidades, desde darnos abrigo, a permitirnos construir veh\u00edculos u obtener energ\u00eda. Por este motivo la industria maderera es clave para cualquier pa\u00eds y por eso, hace m\u00e1s de un siglo, un hombre decidi\u00f3 crear una industria que no exist\u00eda en Galicia y que revolucionar\u00eda el sector.\u00a0<strong>Aquel hombre era Manuel Garc\u00eda Camb\u00f3n y su sue\u00f1o se llamaba Financiera Maderera SA, FINSA<\/strong>.<\/em><\/p>\n\n\n\n<p><a href=\"https:\/\/www.elespanol.com\/quincemil\/articulos\/cultura\/manuel-garcia-cambon-el-gallego-que-revoluciono-la-industria-maderera-con-su-sueno-finsa\">Leer art\u00edculo&#8230;<\/a><\/p>\n","protected":false},"excerpt":{"rendered":"<p>En 2019, un equipo de arque\u00f3logos realizaba un extraordinario descubrimiento en un yacimiento en Zambia: la estructura de madera m\u00e1s antigua jam\u00e1s encontrada.\u00a0Datar estas piezas de madera no fue sencillo, teniendo que emplear una t\u00e9cnica para medir la radiactividad\u00a0natural de los minerales que la cubr\u00edan, para determinar cu\u00e1ndo hab\u00eda estado expuesta a la luz solar [&hellip;]<\/p>\n","protected":false},"author":4,"featured_media":3225,"comment_status":"closed","ping_status":"closed","sticky":false,"template":"","format":"standard","meta":{"_monsterinsights_skip_tracking":false,"_monsterinsights_sitenote_active":false,"_monsterinsights_sitenote_note":"","_monsterinsights_sitenote_category":0,"_uf_show_specific_survey":0,"_uf_disable_surveys":false,"footnotes":""},"categories":[4],"tags":[85],"class_list":["post-6811","post","type-post","status-publish","format-standard","has-post-thumbnail","hentry","category-noticias","tag-madera"],"aioseo_notices":[],"_links":{"self":[{"href":"https:\/\/web.montes.upm.es\/index.php?rest_route=\/wp\/v2\/posts\/6811","targetHints":{"allow":["GET"]}}],"collection":[{"href":"https:\/\/web.montes.upm.es\/index.php?rest_route=\/wp\/v2\/posts"}],"about":[{"href":"https:\/\/web.montes.upm.es\/index.php?rest_route=\/wp\/v2\/types\/post"}],"author":[{"embeddable":true,"href":"https:\/\/web.montes.upm.es\/index.php?rest_route=\/wp\/v2\/users\/4"}],"replies":[{"embeddable":true,"href":"https:\/\/web.montes.upm.es\/index.php?rest_route=%2Fwp%2Fv2%2Fcomments&post=6811"}],"version-history":[{"count":1,"href":"https:\/\/web.montes.upm.es\/index.php?rest_route=\/wp\/v2\/posts\/6811\/revisions"}],"predecessor-version":[{"id":6812,"href":"https:\/\/web.montes.upm.es\/index.php?rest_route=\/wp\/v2\/posts\/6811\/revisions\/6812"}],"wp:featuredmedia":[{"embeddable":true,"href":"https:\/\/web.montes.upm.es\/index.php?rest_route=\/wp\/v2\/media\/3225"}],"wp:attachment":[{"href":"https:\/\/web.montes.upm.es\/index.php?rest_route=%2Fwp%2Fv2%2Fmedia&parent=6811"}],"wp:term":[{"taxonomy":"category","embeddable":true,"href":"https:\/\/web.montes.upm.es\/index.php?rest_route=%2Fwp%2Fv2%2Fcategories&post=6811"},{"taxonomy":"post_tag","embeddable":true,"href":"https:\/\/web.montes.upm.es\/index.php?rest_route=%2Fwp%2Fv2%2Ftags&post=6811"}],"curies":[{"name":"wp","href":"https:\/\/api.w.org\/{rel}","templated":true}]}}