{"id":6678,"date":"2023-10-10T08:29:21","date_gmt":"2023-10-10T08:29:21","guid":{"rendered":"https:\/\/web.montes.upm.es\/?p=6678"},"modified":"2023-10-10T08:29:21","modified_gmt":"2023-10-10T08:29:21","slug":"xxxiii-ciclo-sinfonico-upm-concierto-apertura-de-curso","status":"publish","type":"post","link":"https:\/\/web.montes.upm.es\/?p=6678","title":{"rendered":"XXXIII Ciclo Sinf\u00f3nico UPM &#8211; Concierto Apertura de Curso"},"content":{"rendered":"\n<p>El pr\u00f3ximo <strong>domingo 15 de octubre, a las 11:30 horas,<\/strong> se celebrar\u00e1 el primer concierto del XXXIII Ciclo Sinf\u00f3nico UPM que se celebra en el Auditorio Nacional.<\/p>\n\n\n\n<p><strong>TODA<\/strong> <strong>la Comunidad Universitaria UPM<\/strong> tiene un <strong>descuento del 30% <\/strong>respecto a la tarifa general en la compra de hasta un m\u00e1ximo de 4 abonos y 4 entradas por cada uno de los conciertos del Ciclo Sinf\u00f3nico.<\/p>\n\n\n\n<p>Para que se pueda aplicar este descuento UPM es fundamental que el registro en la plataforma de entradas se haga con la direcci\u00f3n de correo institucional UPM.<\/p>\n\n\n\n<p>Hasta el jueves 12 de octubre (inclusive) se pueden compra abonos para el Ciclo Sinf\u00f3nico UPM y disponer as\u00ed de una tarifa a\u00fan m\u00e1s econ\u00f3mica.<\/p>\n\n\n\n<p>Desde el lunes 9 de octubre se pueden comprar entradas para <strong>TODOS<\/strong> los conciertos del Ciclo Sinf\u00f3nico.<\/p>\n\n\n\n<p>La compra tanto de entradas como de abonos se hace a trav\u00e9s de <a href=\"https:\/\/upm.koobin.es\">https:\/\/upm.koobin.es<\/a><\/p>\n\n\n\n<p>Toda la informaci\u00f3n se puede encontrar en \u00a0<a href=\"http:\/\/www.upm.es\/culturales\">www.upm.es\/culturales<\/a><\/p>\n","protected":false},"excerpt":{"rendered":"<p>El pr\u00f3ximo domingo 15 de octubre, a las 11:30 horas, se celebrar\u00e1 el primer concierto del XXXIII Ciclo Sinf\u00f3nico UPM que se celebra en el Auditorio Nacional. TODA la Comunidad Universitaria UPM tiene un descuento del 30% respecto a la tarifa general en la compra de hasta un m\u00e1ximo de 4 abonos y 4 entradas [&hellip;]<\/p>\n","protected":false},"author":4,"featured_media":0,"comment_status":"closed","ping_status":"open","sticky":false,"template":"","format":"standard","meta":{"_monsterinsights_skip_tracking":false,"_monsterinsights_sitenote_active":false,"_monsterinsights_sitenote_note":"","_monsterinsights_sitenote_category":0,"_uf_show_specific_survey":0,"_uf_disable_surveys":false,"footnotes":""},"categories":[9],"tags":[174,175,20,21],"class_list":["post-6678","post","type-post","status-publish","format-standard","hentry","category-tablon-anuncios","tag-concierto","tag-sinfonica","tag-universidad-politecnica-de-madrid","tag-upm"],"aioseo_notices":[],"_links":{"self":[{"href":"https:\/\/web.montes.upm.es\/index.php?rest_route=\/wp\/v2\/posts\/6678","targetHints":{"allow":["GET"]}}],"collection":[{"href":"https:\/\/web.montes.upm.es\/index.php?rest_route=\/wp\/v2\/posts"}],"about":[{"href":"https:\/\/web.montes.upm.es\/index.php?rest_route=\/wp\/v2\/types\/post"}],"author":[{"embeddable":true,"href":"https:\/\/web.montes.upm.es\/index.php?rest_route=\/wp\/v2\/users\/4"}],"replies":[{"embeddable":true,"href":"https:\/\/web.montes.upm.es\/index.php?rest_route=%2Fwp%2Fv2%2Fcomments&post=6678"}],"version-history":[{"count":1,"href":"https:\/\/web.montes.upm.es\/index.php?rest_route=\/wp\/v2\/posts\/6678\/revisions"}],"predecessor-version":[{"id":6680,"href":"https:\/\/web.montes.upm.es\/index.php?rest_route=\/wp\/v2\/posts\/6678\/revisions\/6680"}],"wp:attachment":[{"href":"https:\/\/web.montes.upm.es\/index.php?rest_route=%2Fwp%2Fv2%2Fmedia&parent=6678"}],"wp:term":[{"taxonomy":"category","embeddable":true,"href":"https:\/\/web.montes.upm.es\/index.php?rest_route=%2Fwp%2Fv2%2Fcategories&post=6678"},{"taxonomy":"post_tag","embeddable":true,"href":"https:\/\/web.montes.upm.es\/index.php?rest_route=%2Fwp%2Fv2%2Ftags&post=6678"}],"curies":[{"name":"wp","href":"https:\/\/api.w.org\/{rel}","templated":true}]}}