{"id":6661,"date":"2023-10-09T08:41:32","date_gmt":"2023-10-09T08:41:32","guid":{"rendered":"https:\/\/web.montes.upm.es\/?p=6661"},"modified":"2023-10-09T08:41:32","modified_gmt":"2023-10-09T08:41:32","slug":"sabias-que-los-ingenieros-de-montes-empezaron-a-formarse-en-villaviciosa","status":"publish","type":"post","link":"https:\/\/web.montes.upm.es\/?p=6661","title":{"rendered":"\u00bfSab\u00edas que los ingenieros de Montes empezaron a formarse en Villaviciosa?"},"content":{"rendered":"\n<p>El Castillo fue la primera sede de este centro educativo.<\/p>\n\n\n\n<p>Villaviciosa de Od\u00f3n, representada por su alcalde, Juan Pedro Izquierdo, ha tenido un papel protagonista en el acto acad\u00e9mico de celebraci\u00f3n del 175 aniversario de la Escuela T\u00e9cnica Superior de Ingenier\u00eda de Montes, Forestal y del Medio Natural, que ha tenido lugar este pasado 04 de octubre en el Sal\u00f3n de Actos actual de dicha instituci\u00f3n. Fundada en 1848,\u00a0<strong>este centro educativo tuvo su sede inicial en El Castillo,<\/strong>\u00a0donde se formaron los primeros ingenieros de esta especialidad.\u00a0<\/p>\n\n\n\n<p>El rector de la Universidad Polit\u00e9cnica, Guillermo Cisneros P\u00e9rez, y el director de la Escuela t\u00e9cnica Superior de Ingenier\u00eda de Montes, Forestal y del Medio Natural, Luis Garc\u00eda Esteban, han sido los anfitriones de este evento.<\/p>\n\n\n\n<p>En el acto, el regidor ha estado acompa\u00f1ado por los concejales de Cultura, Inmaculada Delgado, y de Medio Ambiente, Ernesto Serig\u00f3s, adem\u00e1s de la alcaldesa de San Lorenzo de El Escorial, Carlota L\u00f3pez Esteban, municipio donde se traslad\u00f3 la Escuela a\u00f1os despu\u00e9s. En sus palabras de agradecimiento, el primer edil, adem\u00e1s de felicitar a la escuela por esta conmemoraci\u00f3n,\u00a0<strong>ha agradecido los trabajos que hace 175 a\u00f1os realizaron los estudiantes pioneros<\/strong>, &#8220;<em>a quienes les debemos la creaci\u00f3n de la joya ambiental de El Forestal, un magn\u00edfico espacio natural que las generaciones posteriores hemos venido disfrutando y presumiendo con enorme orgullo<\/em>\u201d.<\/p>\n\n\n\n<p><\/p>\n\n\n\n<p><\/p>\n","protected":false},"excerpt":{"rendered":"<p>El Castillo fue la primera sede de este centro educativo. Villaviciosa de Od\u00f3n, representada por su alcalde, Juan Pedro Izquierdo, ha tenido un papel protagonista en el acto acad\u00e9mico de celebraci\u00f3n del 175 aniversario de la Escuela T\u00e9cnica Superior de Ingenier\u00eda de Montes, Forestal y del Medio Natural, que ha tenido lugar este pasado 04 [&hellip;]<\/p>\n","protected":false},"author":4,"featured_media":6344,"comment_status":"closed","ping_status":"closed","sticky":false,"template":"","format":"standard","meta":{"_monsterinsights_skip_tracking":false,"_monsterinsights_sitenote_active":false,"_monsterinsights_sitenote_note":"","_monsterinsights_sitenote_category":0,"_uf_show_specific_survey":0,"_uf_disable_surveys":false,"footnotes":""},"categories":[141,4],"tags":[144,16,15],"class_list":["post-6661","post","type-post","status-publish","format-standard","has-post-thumbnail","hentry","category-clxxv-aniversario","category-noticias","tag-clxxv-aniversario","tag-escuela-tecnica-superior-de-ingenieria-de-montes","tag-etsimfmn"],"aioseo_notices":[],"_links":{"self":[{"href":"https:\/\/web.montes.upm.es\/index.php?rest_route=\/wp\/v2\/posts\/6661","targetHints":{"allow":["GET"]}}],"collection":[{"href":"https:\/\/web.montes.upm.es\/index.php?rest_route=\/wp\/v2\/posts"}],"about":[{"href":"https:\/\/web.montes.upm.es\/index.php?rest_route=\/wp\/v2\/types\/post"}],"author":[{"embeddable":true,"href":"https:\/\/web.montes.upm.es\/index.php?rest_route=\/wp\/v2\/users\/4"}],"replies":[{"embeddable":true,"href":"https:\/\/web.montes.upm.es\/index.php?rest_route=%2Fwp%2Fv2%2Fcomments&post=6661"}],"version-history":[{"count":1,"href":"https:\/\/web.montes.upm.es\/index.php?rest_route=\/wp\/v2\/posts\/6661\/revisions"}],"predecessor-version":[{"id":6662,"href":"https:\/\/web.montes.upm.es\/index.php?rest_route=\/wp\/v2\/posts\/6661\/revisions\/6662"}],"wp:featuredmedia":[{"embeddable":true,"href":"https:\/\/web.montes.upm.es\/index.php?rest_route=\/wp\/v2\/media\/6344"}],"wp:attachment":[{"href":"https:\/\/web.montes.upm.es\/index.php?rest_route=%2Fwp%2Fv2%2Fmedia&parent=6661"}],"wp:term":[{"taxonomy":"category","embeddable":true,"href":"https:\/\/web.montes.upm.es\/index.php?rest_route=%2Fwp%2Fv2%2Fcategories&post=6661"},{"taxonomy":"post_tag","embeddable":true,"href":"https:\/\/web.montes.upm.es\/index.php?rest_route=%2Fwp%2Fv2%2Ftags&post=6661"}],"curies":[{"name":"wp","href":"https:\/\/api.w.org\/{rel}","templated":true}]}}