{"id":6565,"date":"2023-10-05T18:25:24","date_gmt":"2023-10-05T18:25:24","guid":{"rendered":"https:\/\/web.montes.upm.es\/?p=6565"},"modified":"2023-10-05T18:30:46","modified_gmt":"2023-10-05T18:30:46","slug":"nuestros-estudiantes-en-hackforgood-especialistas-en-medio-ambiente-y-sostenibilidad","status":"publish","type":"post","link":"https:\/\/web.montes.upm.es\/?p=6565","title":{"rendered":"Nuestros estudiantes en HackForGood: especialistas en medio ambiente y sostenibilidad"},"content":{"rendered":"\n<p>Varios estudiantes de nuestra Escuela participaron en la \u00faltima edici\u00f3n de HackForGood, un hackaton nacional en el que colaboran 24 universidades, entre ellas la Universidad Polit\u00e9cnica de Madrid como coorganizadora junto a la Red de C\u00e1tedras Telef\u00f3nica, y que se celebr\u00f3 en 14 ciudades espa\u00f1olas de forma simult\u00e1nea culminando con la gran final, el &#8220;Big Day&#8221;, el viernes 30 de septiembre. Esta competici\u00f3n fomenta las soft skills (trabajo en equipo, innovaci\u00f3n, comunicaci\u00f3n, pensamiento cr\u00edtico, liderazgo, &#8230;), la sostenibilidad y el emprendimiento temprano en los m\u00e1s de 1000 estudiantes de toda Espa\u00f1a participantes.<\/p>\n\n\n\n<blockquote class=\"twitter-tweet\" data-lang=\"es\"><p lang=\"es\" dir=\"ltr\">\u00a1Gracias a todos los que hicisteis posible una nueva edici\u00f3n de <a href=\"https:\/\/twitter.com\/hashtag\/HackForGood?src=hash&amp;ref_src=twsrc%5Etfw\">#HackForGood<\/a>! \ud83d\udc4f<a href=\"https:\/\/twitter.com\/hashtag\/C%C3%A1tedrasTelef%C3%B3nica?src=hash&amp;ref_src=twsrc%5Etfw\">#C\u00e1tedrasTelef\u00f3nica<\/a> <a href=\"https:\/\/twitter.com\/Hack_ForGood?ref_src=twsrc%5Etfw\">@Hack_ForGood<\/a><a href=\"https:\/\/t.co\/ofklX4IGtr\">pic.twitter.com\/ofklX4IGtr<\/a><\/p>&mdash; Telef\u00f3nica (@Telefonica) <a href=\"https:\/\/twitter.com\/Telefonica\/status\/1589643084945653762?ref_src=twsrc%5Etfw\">7 de noviembre de 2022<\/a><\/blockquote> <script async src=\"https:\/\/platform.twitter.com\/widgets.js\" charset=\"utf-8\"><\/script>\n\n\n\n<p>La colaboraci\u00f3n de nuestros estudiantes nace en 2018 de la mano de los profesores de UDOE en nuestra Escuela y tuvo su m\u00e1ximo exponente con la obtenci\u00f3n del Primer Premio de la sede de Madrid para el equipo de estudiantes de Ing. de Montes y de Ing. Telecomunicaciones, &#8220;BlooMod&#8221;, un sistema natural modular de jardines verticales para su uso en interiores y que permite absorber gases contaminantes y part\u00edculas en suspensi\u00f3n.<\/p>\n\n\n\n<p>La noticia ha aparecido en <a href=\"https:\/\/elpais.com\/economia\/formacion\/2023-09-29\/es-posible-tener-un-invernadero-inteligente-en-casa.html\" data-type=\"link\" data-id=\"https:\/\/elpais.com\/economia\/formacion\/2023-09-29\/es-posible-tener-un-invernadero-inteligente-en-casa.html\">importantes medios de tirada nacional.<\/a><\/p>\n\n\n\n<p>\u00a1Enhorabuena a todos los participantes y os emplazaremos en breve a participar en la pr\u00f3xima edici\u00f3n 2024!<\/p>\n\n\n\n<p>M\u00e1s informaci\u00f3n:<\/p>\n\n\n\n<p><a href=\"https:\/\/urldefense.com\/v3\/__https:\/www.udoeupm.es\/__;!!D9dNQwwGXtA!QVWlQ6LnV82XE5OJ9-z4OmRgU3ouWVbX32_q9N3WMNlLY2vfoMAImAeV_dBqiRSTvXNC79FsSJuxUWNWHpEkS-9FQMLm0by1xA$\" target=\"_blank\" rel=\"noreferrer noopener\">UDOE \u2013 U.D. Organizaci\u00f3n de Empresas (udoeupm.es)<\/a><\/p>\n\n\n\n<p><a href=\"https:\/\/urldefense.com\/v3\/__https:\/www.telefonica.es\/es\/compromiso\/red-de-catedras-telefonica\/__;!!D9dNQwwGXtA!QVWlQ6LnV82XE5OJ9-z4OmRgU3ouWVbX32_q9N3WMNlLY2vfoMAImAeV_dBqiRSTvXNC79FsSJuxUWNWHpEkS-9FQML045vl_A$\" target=\"_blank\" rel=\"noreferrer noopener\">Red de C\u00e1tedras Telef\u00f3nica &#8211; Telef\u00f3nica Espa\u00f1a ES (telefonica.es)<\/a><\/p>\n\n\n\n<p><a href=\"https:\/\/urldefense.com\/v3\/__https:\/www.bloomod.com\/__;!!D9dNQwwGXtA!QVWlQ6LnV82XE5OJ9-z4OmRgU3ouWVbX32_q9N3WMNlLY2vfoMAImAeV_dBqiRSTvXNC79FsSJuxUWNWHpEkS-9FQMLsbDVk9A$\" target=\"_blank\" rel=\"noreferrer noopener\">Bloomod &#8211; Vuelve a respirar<\/a><\/p>\n","protected":false},"excerpt":{"rendered":"<p>Varios estudiantes de nuestra Escuela participaron en la \u00faltima edici\u00f3n de HackForGood, un hackaton nacional en el que colaboran 24 universidades, entre ellas la Universidad Polit\u00e9cnica de Madrid como coorganizadora junto a la Red de C\u00e1tedras Telef\u00f3nica, y que se celebr\u00f3 en 14 ciudades espa\u00f1olas de forma simult\u00e1nea culminando con la gran final, el &#8220;Big [&hellip;]<\/p>\n","protected":false},"author":4,"featured_media":6569,"comment_status":"open","ping_status":"open","sticky":false,"template":"","format":"standard","meta":{"_monsterinsights_skip_tracking":false,"_monsterinsights_sitenote_active":false,"_monsterinsights_sitenote_note":"","_monsterinsights_sitenote_category":0,"_uf_show_specific_survey":0,"_uf_disable_surveys":false,"footnotes":""},"categories":[4,81],"tags":[144],"class_list":["post-6565","post","type-post","status-publish","format-standard","has-post-thumbnail","hentry","category-noticias","category-protagonistas","tag-clxxv-aniversario"],"aioseo_notices":[],"_links":{"self":[{"href":"https:\/\/web.montes.upm.es\/index.php?rest_route=\/wp\/v2\/posts\/6565","targetHints":{"allow":["GET"]}}],"collection":[{"href":"https:\/\/web.montes.upm.es\/index.php?rest_route=\/wp\/v2\/posts"}],"about":[{"href":"https:\/\/web.montes.upm.es\/index.php?rest_route=\/wp\/v2\/types\/post"}],"author":[{"embeddable":true,"href":"https:\/\/web.montes.upm.es\/index.php?rest_route=\/wp\/v2\/users\/4"}],"replies":[{"embeddable":true,"href":"https:\/\/web.montes.upm.es\/index.php?rest_route=%2Fwp%2Fv2%2Fcomments&post=6565"}],"version-history":[{"count":3,"href":"https:\/\/web.montes.upm.es\/index.php?rest_route=\/wp\/v2\/posts\/6565\/revisions"}],"predecessor-version":[{"id":6568,"href":"https:\/\/web.montes.upm.es\/index.php?rest_route=\/wp\/v2\/posts\/6565\/revisions\/6568"}],"wp:featuredmedia":[{"embeddable":true,"href":"https:\/\/web.montes.upm.es\/index.php?rest_route=\/wp\/v2\/media\/6569"}],"wp:attachment":[{"href":"https:\/\/web.montes.upm.es\/index.php?rest_route=%2Fwp%2Fv2%2Fmedia&parent=6565"}],"wp:term":[{"taxonomy":"category","embeddable":true,"href":"https:\/\/web.montes.upm.es\/index.php?rest_route=%2Fwp%2Fv2%2Fcategories&post=6565"},{"taxonomy":"post_tag","embeddable":true,"href":"https:\/\/web.montes.upm.es\/index.php?rest_route=%2Fwp%2Fv2%2Ftags&post=6565"}],"curies":[{"name":"wp","href":"https:\/\/api.w.org\/{rel}","templated":true}]}}