{"id":6544,"date":"2023-10-05T06:56:40","date_gmt":"2023-10-05T06:56:40","guid":{"rendered":"https:\/\/web.montes.upm.es\/?p=6544"},"modified":"2023-10-05T18:32:02","modified_gmt":"2023-10-05T18:32:02","slug":"factoria-de-talento-upm","status":"publish","type":"post","link":"https:\/\/web.montes.upm.es\/?p=6544","title":{"rendered":"Factor\u00eda de Talento UPM"},"content":{"rendered":"\n<p>Factor\u00eda de Talento, inicia su edici\u00f3n 11 con la apertura del proceso de <strong>inscripci\u00f3n de candidatos<\/strong>, que tendr\u00e1 lugar entre el <strong>29 de septiembre y el 3 de noviembre<\/strong>. Factor\u00eda es un proyecto dirigido a j\u00f3venes con ganas de conocerse mejor, descubrir lo que quieren ser y orientar su futuro laboral.<br>Los 20 j\u00f3venes participantes, entre 18 y 26 a\u00f1os, de las m\u00e1s diversas procedencias acad\u00e9micas, disfrutar\u00e1n de un intenso programa de entrenamiento de 6 meses en \u00e1mbitos como el liderazgo, la innovaci\u00f3n y la comunicaci\u00f3n.<br>Adem\u00e1s, vivir\u00e1n espacios de aprendizaje con otros j\u00f3venes y referentes profesionales con los que podr\u00e1n compartir sus inquietudes. Este v\u00eddeo resume lo esencial del proyecto: <a href=\"https:\/\/bit.ly\/FactoriaTalentoApuntate\">https:\/\/bit.ly\/FactoriaTalentoApuntate<\/a><br>La participaci\u00f3n en Factor\u00eda de Talento, valorada en 5.500\u20ac por participante, no tiene coste econ\u00f3mico y est\u00e1 becado al 100% por la Asociaci\u00f3n para el Impulso del Talento Joven, que articula todos los programas que desde Dynamis Consultores, empresa especializada en la direcci\u00f3n y desarrollo de talento, se realizan para j\u00f3venes de manera becada, en su compromiso por impulsar el talento joven en Espa\u00f1a, junto con el apoyo de la Comunidad de Madrid.<br>Toda la informaci\u00f3n del proyecto se encuentra en <a href=\"https:\/\/factoriatalento.es\/\">www.factoriatalento.es<\/a>, que es tambi\u00e9n el sitio donde se realiza la inscripci\u00f3n para iniciar el proceso de selecci\u00f3n, que constar\u00e1 de diferentes fases y culminar\u00e1 en diciembre. Los seminarios y todo el proceso formativo ser\u00e1n de enero a junio de 2024.<br>\u00a1Es una gran oportunidad! Con 10 a\u00f1os de recorrido, ya han vivido la experiencia de Factor\u00eda en las ediciones anteriores m\u00e1s de 200 j\u00f3venes.<\/p>\n","protected":false},"excerpt":{"rendered":"<p>29 septiembre a 3 noviembre 2023<\/p>\n","protected":false},"author":4,"featured_media":6545,"comment_status":"closed","ping_status":"closed","sticky":false,"template":"","format":"standard","meta":{"_monsterinsights_skip_tracking":false,"_monsterinsights_sitenote_active":false,"_monsterinsights_sitenote_note":"","_monsterinsights_sitenote_category":0,"_uf_show_specific_survey":0,"_uf_disable_surveys":false,"footnotes":""},"categories":[5,4],"tags":[173,172],"class_list":["post-6544","post","type-post","status-publish","format-standard","has-post-thumbnail","hentry","category-eventos","category-noticias","tag-factoria-de-talento","tag-talento"],"aioseo_notices":[],"_links":{"self":[{"href":"https:\/\/web.montes.upm.es\/index.php?rest_route=\/wp\/v2\/posts\/6544","targetHints":{"allow":["GET"]}}],"collection":[{"href":"https:\/\/web.montes.upm.es\/index.php?rest_route=\/wp\/v2\/posts"}],"about":[{"href":"https:\/\/web.montes.upm.es\/index.php?rest_route=\/wp\/v2\/types\/post"}],"author":[{"embeddable":true,"href":"https:\/\/web.montes.upm.es\/index.php?rest_route=\/wp\/v2\/users\/4"}],"replies":[{"embeddable":true,"href":"https:\/\/web.montes.upm.es\/index.php?rest_route=%2Fwp%2Fv2%2Fcomments&post=6544"}],"version-history":[{"count":4,"href":"https:\/\/web.montes.upm.es\/index.php?rest_route=\/wp\/v2\/posts\/6544\/revisions"}],"predecessor-version":[{"id":6570,"href":"https:\/\/web.montes.upm.es\/index.php?rest_route=\/wp\/v2\/posts\/6544\/revisions\/6570"}],"wp:featuredmedia":[{"embeddable":true,"href":"https:\/\/web.montes.upm.es\/index.php?rest_route=\/wp\/v2\/media\/6545"}],"wp:attachment":[{"href":"https:\/\/web.montes.upm.es\/index.php?rest_route=%2Fwp%2Fv2%2Fmedia&parent=6544"}],"wp:term":[{"taxonomy":"category","embeddable":true,"href":"https:\/\/web.montes.upm.es\/index.php?rest_route=%2Fwp%2Fv2%2Fcategories&post=6544"},{"taxonomy":"post_tag","embeddable":true,"href":"https:\/\/web.montes.upm.es\/index.php?rest_route=%2Fwp%2Fv2%2Ftags&post=6544"}],"curies":[{"name":"wp","href":"https:\/\/api.w.org\/{rel}","templated":true}]}}