{"id":6231,"date":"2023-09-25T08:48:23","date_gmt":"2023-09-25T08:48:23","guid":{"rendered":"https:\/\/web.montes.upm.es\/?p=6231"},"modified":"2023-09-26T08:54:49","modified_gmt":"2023-09-26T08:54:49","slug":"mesa-redonda-la-planificacion-territorial-en-espana-y-mexico-metodologias-herramientas-y-perspectivas","status":"publish","type":"post","link":"https:\/\/web.montes.upm.es\/?p=6231","title":{"rendered":"Mesa redonda: &#8220;La planificaci\u00f3n territorial en Espa\u00f1a y M\u00e9xico: Metodolog\u00edas, herramientas y perspectivas&#8221;"},"content":{"rendered":"\n<div data-wp-interactive=\"core\/file\" class=\"wp-block-file\"><object data-wp-bind--hidden=\"!state.hasPdfPreview\" hidden class=\"wp-block-file__embed\" data=\"https:\/\/web.montes.upm.es\/wp-content\/uploads\/2023\/09\/2023-09-27-MR-1.pdf\" type=\"application\/pdf\" style=\"width:100%;height:600px\" aria-label=\"Incrustado de 2023-09-27-MR-1.\"><\/object><a id=\"wp-block-file--media-e62ae890-b138-44b0-87d0-2be86803f5d2\" href=\"https:\/\/web.montes.upm.es\/wp-content\/uploads\/2023\/09\/2023-09-27-MR-1.pdf\">2023-09-27-MR-1<\/a><a href=\"https:\/\/web.montes.upm.es\/wp-content\/uploads\/2023\/09\/2023-09-27-MR-1.pdf\" class=\"wp-block-file__button wp-element-button\" download aria-describedby=\"wp-block-file--media-e62ae890-b138-44b0-87d0-2be86803f5d2\">Descarga<\/a><\/div>\n","protected":false},"excerpt":{"rendered":"<p>27 de septiembre, 16:30<\/p>\n","protected":false},"author":4,"featured_media":6229,"comment_status":"closed","ping_status":"closed","sticky":false,"template":"","format":"standard","meta":{"_monsterinsights_skip_tracking":false,"_monsterinsights_sitenote_active":false,"_monsterinsights_sitenote_note":"","_monsterinsights_sitenote_category":0,"_uf_show_specific_survey":0,"_uf_disable_surveys":false,"footnotes":""},"categories":[5,9],"tags":[16,15,133,29,20],"class_list":["post-6231","post","type-post","status-publish","format-standard","has-post-thumbnail","hentry","category-eventos","category-tablon-anuncios","tag-escuela-tecnica-superior-de-ingenieria-de-montes","tag-etsimfmn","tag-mesa-redonda","tag-planificacion","tag-universidad-politecnica-de-madrid"],"aioseo_notices":[],"_links":{"self":[{"href":"https:\/\/web.montes.upm.es\/index.php?rest_route=\/wp\/v2\/posts\/6231","targetHints":{"allow":["GET"]}}],"collection":[{"href":"https:\/\/web.montes.upm.es\/index.php?rest_route=\/wp\/v2\/posts"}],"about":[{"href":"https:\/\/web.montes.upm.es\/index.php?rest_route=\/wp\/v2\/types\/post"}],"author":[{"embeddable":true,"href":"https:\/\/web.montes.upm.es\/index.php?rest_route=\/wp\/v2\/users\/4"}],"replies":[{"embeddable":true,"href":"https:\/\/web.montes.upm.es\/index.php?rest_route=%2Fwp%2Fv2%2Fcomments&post=6231"}],"version-history":[{"count":3,"href":"https:\/\/web.montes.upm.es\/index.php?rest_route=\/wp\/v2\/posts\/6231\/revisions"}],"predecessor-version":[{"id":6266,"href":"https:\/\/web.montes.upm.es\/index.php?rest_route=\/wp\/v2\/posts\/6231\/revisions\/6266"}],"wp:featuredmedia":[{"embeddable":true,"href":"https:\/\/web.montes.upm.es\/index.php?rest_route=\/wp\/v2\/media\/6229"}],"wp:attachment":[{"href":"https:\/\/web.montes.upm.es\/index.php?rest_route=%2Fwp%2Fv2%2Fmedia&parent=6231"}],"wp:term":[{"taxonomy":"category","embeddable":true,"href":"https:\/\/web.montes.upm.es\/index.php?rest_route=%2Fwp%2Fv2%2Fcategories&post=6231"},{"taxonomy":"post_tag","embeddable":true,"href":"https:\/\/web.montes.upm.es\/index.php?rest_route=%2Fwp%2Fv2%2Ftags&post=6231"}],"curies":[{"name":"wp","href":"https:\/\/api.w.org\/{rel}","templated":true}]}}