{"id":6222,"date":"2023-09-25T08:16:18","date_gmt":"2023-09-25T08:16:18","guid":{"rendered":"https:\/\/web.montes.upm.es\/?p=6222"},"modified":"2023-09-26T08:53:24","modified_gmt":"2023-09-26T08:53:24","slug":"presentacion-del-master-en-tecnicas-de-lucha-conta-incendios-forestales","status":"publish","type":"post","link":"https:\/\/web.montes.upm.es\/?p=6222","title":{"rendered":"Presentaci\u00f3n del M\u00e1ster en T\u00e9cnicas de Lucha conta Incendios Forestales"},"content":{"rendered":"\n<div data-wp-interactive=\"core\/file\" class=\"wp-block-file\"><object data-wp-bind--hidden=\"!state.hasPdfPreview\" hidden class=\"wp-block-file__embed\" data=\"https:\/\/web.montes.upm.es\/wp-content\/uploads\/2023\/09\/2023-09-26-Presentacion-MUEC.pdf\" type=\"application\/pdf\" style=\"width:100%;height:600px\" aria-label=\"Incrustado de 2023-09-26-Presentacion-MUEC.\"><\/object><a id=\"wp-block-file--media-1d239cb9-e6ff-4c18-a953-22984f76a26a\" href=\"https:\/\/web.montes.upm.es\/wp-content\/uploads\/2023\/09\/2023-09-26-Presentacion-MUEC.pdf\">2023-09-26-Presentacion-MUEC<\/a><a href=\"https:\/\/web.montes.upm.es\/wp-content\/uploads\/2023\/09\/2023-09-26-Presentacion-MUEC.pdf\" class=\"wp-block-file__button wp-element-button\" download aria-describedby=\"wp-block-file--media-1d239cb9-e6ff-4c18-a953-22984f76a26a\">Descarga<\/a><\/div>\n\n\n\n<p>Puedes seguir la presentaci\u00f3n por zoom en: <a href=\"https:\/\/upm.zoom.us\/j\/84050805109\">https:\/\/upm.zoom.us\/j\/84050805109<\/a><\/p>\n","protected":false},"excerpt":{"rendered":"<p>26 de septiembre, 18:15<\/p>\n","protected":false},"author":4,"featured_media":6225,"comment_status":"closed","ping_status":"closed","sticky":false,"template":"","format":"standard","meta":{"_monsterinsights_skip_tracking":false,"_monsterinsights_sitenote_active":false,"_monsterinsights_sitenote_note":"","_monsterinsights_sitenote_category":0,"_uf_show_specific_survey":0,"_uf_disable_surveys":false,"footnotes":""},"categories":[5,9],"tags":[65,16,15,131,132,130],"class_list":["post-6222","post","type-post","status-publish","format-standard","has-post-thumbnail","hentry","category-eventos","category-tablon-anuncios","tag-ciencias-forestales","tag-escuela-tecnica-superior-de-ingenieria-de-montes","tag-etsimfmn","tag-incendios","tag-incendios-forestales","tag-master-2"],"aioseo_notices":[],"_links":{"self":[{"href":"https:\/\/web.montes.upm.es\/index.php?rest_route=\/wp\/v2\/posts\/6222","targetHints":{"allow":["GET"]}}],"collection":[{"href":"https:\/\/web.montes.upm.es\/index.php?rest_route=\/wp\/v2\/posts"}],"about":[{"href":"https:\/\/web.montes.upm.es\/index.php?rest_route=\/wp\/v2\/types\/post"}],"author":[{"embeddable":true,"href":"https:\/\/web.montes.upm.es\/index.php?rest_route=\/wp\/v2\/users\/4"}],"replies":[{"embeddable":true,"href":"https:\/\/web.montes.upm.es\/index.php?rest_route=%2Fwp%2Fv2%2Fcomments&post=6222"}],"version-history":[{"count":3,"href":"https:\/\/web.montes.upm.es\/index.php?rest_route=\/wp\/v2\/posts\/6222\/revisions"}],"predecessor-version":[{"id":6265,"href":"https:\/\/web.montes.upm.es\/index.php?rest_route=\/wp\/v2\/posts\/6222\/revisions\/6265"}],"wp:featuredmedia":[{"embeddable":true,"href":"https:\/\/web.montes.upm.es\/index.php?rest_route=\/wp\/v2\/media\/6225"}],"wp:attachment":[{"href":"https:\/\/web.montes.upm.es\/index.php?rest_route=%2Fwp%2Fv2%2Fmedia&parent=6222"}],"wp:term":[{"taxonomy":"category","embeddable":true,"href":"https:\/\/web.montes.upm.es\/index.php?rest_route=%2Fwp%2Fv2%2Fcategories&post=6222"},{"taxonomy":"post_tag","embeddable":true,"href":"https:\/\/web.montes.upm.es\/index.php?rest_route=%2Fwp%2Fv2%2Ftags&post=6222"}],"curies":[{"name":"wp","href":"https:\/\/api.w.org\/{rel}","templated":true}]}}