{"id":6140,"date":"2023-09-21T11:46:56","date_gmt":"2023-09-21T11:46:56","guid":{"rendered":"https:\/\/web.montes.upm.es\/?p=6140"},"modified":"2023-09-21T11:47:27","modified_gmt":"2023-09-21T11:47:27","slug":"curso-aplicado-de-paisajes-culturales-el-estudio-del-paisaje-ii-albarracin-retos-y-riesgos","status":"publish","type":"post","link":"https:\/\/web.montes.upm.es\/?p=6140","title":{"rendered":"Curso aplicado de paisajes culturales: &#8216;El estudio del paisaje (II): Albarrac\u00edn, retos y riesgos&#8217;"},"content":{"rendered":"\n<p><strong>Del 30 de octubre al 3 de noviembre de 2023, en Albarrac\u00edn (Teruel)<\/strong><\/p>\n\n\n\n<p><strong>Dirigido por Ana Almagro Vidal<\/strong> (Dra. Arquitecta, Fundaci\u00f3n Montemadrid. Secretaria General y Tesorera de ICOMOS Espa\u00f1a) y <strong>Patricia Hern\u00e1ndez Lamas<\/strong> (Dra. Arquitecta y Paisajista, Directora de la Fundaci\u00f3n Miguel Aguil\u00f3, Universidad Polit\u00e9cnica de Madrid).<\/p>\n\n\n\n<p><strong>Curso gratuito<\/strong> &#8211; plazas limitadas (18 alumnos m\u00e1ximo)<br><strong>Carga lectiva:<\/strong> 36 horas en total (teor\u00eda: 12 horas \/ pr\u00e1ctica: 24 horas)<br><br><strong>Organiza: <\/strong>Fundaci\u00f3n Santa Mar\u00eda de Albarrac\u00edn<br><strong>Patrocina:<\/strong> Instituto del Patrimonio Cultural de Espa\u00f1a\/Ministerio de Cultura y Deporte<br><strong>Colaboran:<\/strong> ICOMOS Espa\u00f1a y Fundaci\u00f3n Miguel Aguil\u00f3<\/p>\n\n\n\n<p>Programa, condiciones de acceso y formulario de inscripci\u00f3n se pueden consultar <a href=\"https:\/\/urldefense.com\/v3\/__https:\/\/fundacionsantamariadealbarracin.com\/es\/actividad-cultural-y-restauracion\/cursos\/curso-aplicado-sobre-paisajes-culturales-el-estudio-del-paisaje-ii-albarracin-retos-y-riesgos__;!!D9dNQwwGXtA!SnXeucOT21UgVhR4fP_9-hck9nowlIdRu2gbQu-g5KnZZevdDkB4XkukflQa1EGPuvhSua5l9rWrVpaRJlyjJlQ$\">https:\/\/fundacionsantamariadealbarracin.com\/es\/actividad-cultural-y-restauracion\/cursos\/curso-aplicado-sobre-paisajes-culturales-el-estudio-del-paisaje-ii-albarracin-retos-y-riesgos<\/a><\/p>\n\n\n\n<p>\u00a1Abierto el periodo de inscripci\u00f3n!<\/p>\n","protected":false},"excerpt":{"rendered":"<p>Del 30 de octubre al 3 de noviembre de 2023, en Albarrac\u00edn (Teruel) Dirigido por Ana Almagro Vidal (Dra. Arquitecta, Fundaci\u00f3n Montemadrid. Secretaria General y Tesorera de ICOMOS Espa\u00f1a) y Patricia Hern\u00e1ndez Lamas (Dra. Arquitecta y Paisajista, Directora de la Fundaci\u00f3n Miguel Aguil\u00f3, Universidad Polit\u00e9cnica de Madrid). Curso gratuito &#8211; plazas limitadas (18 alumnos m\u00e1ximo)Carga [&hellip;]<\/p>\n","protected":false},"author":4,"featured_media":1189,"comment_status":"closed","ping_status":"closed","sticky":false,"template":"","format":"standard","meta":{"_monsterinsights_skip_tracking":false,"_monsterinsights_sitenote_active":false,"_monsterinsights_sitenote_note":"","_monsterinsights_sitenote_category":0,"_uf_show_specific_survey":0,"_uf_disable_surveys":false,"footnotes":""},"categories":[9],"tags":[116,16,15,125,20],"class_list":["post-6140","post","type-post","status-publish","format-standard","has-post-thumbnail","hentry","category-tablon-anuncios","tag-curso","tag-escuela-tecnica-superior-de-ingenieria-de-montes","tag-etsimfmn","tag-paisaje","tag-universidad-politecnica-de-madrid"],"aioseo_notices":[],"_links":{"self":[{"href":"https:\/\/web.montes.upm.es\/index.php?rest_route=\/wp\/v2\/posts\/6140","targetHints":{"allow":["GET"]}}],"collection":[{"href":"https:\/\/web.montes.upm.es\/index.php?rest_route=\/wp\/v2\/posts"}],"about":[{"href":"https:\/\/web.montes.upm.es\/index.php?rest_route=\/wp\/v2\/types\/post"}],"author":[{"embeddable":true,"href":"https:\/\/web.montes.upm.es\/index.php?rest_route=\/wp\/v2\/users\/4"}],"replies":[{"embeddable":true,"href":"https:\/\/web.montes.upm.es\/index.php?rest_route=%2Fwp%2Fv2%2Fcomments&post=6140"}],"version-history":[{"count":2,"href":"https:\/\/web.montes.upm.es\/index.php?rest_route=\/wp\/v2\/posts\/6140\/revisions"}],"predecessor-version":[{"id":6142,"href":"https:\/\/web.montes.upm.es\/index.php?rest_route=\/wp\/v2\/posts\/6140\/revisions\/6142"}],"wp:featuredmedia":[{"embeddable":true,"href":"https:\/\/web.montes.upm.es\/index.php?rest_route=\/wp\/v2\/media\/1189"}],"wp:attachment":[{"href":"https:\/\/web.montes.upm.es\/index.php?rest_route=%2Fwp%2Fv2%2Fmedia&parent=6140"}],"wp:term":[{"taxonomy":"category","embeddable":true,"href":"https:\/\/web.montes.upm.es\/index.php?rest_route=%2Fwp%2Fv2%2Fcategories&post=6140"},{"taxonomy":"post_tag","embeddable":true,"href":"https:\/\/web.montes.upm.es\/index.php?rest_route=%2Fwp%2Fv2%2Ftags&post=6140"}],"curies":[{"name":"wp","href":"https:\/\/api.w.org\/{rel}","templated":true}]}}