{"id":6135,"date":"2023-09-21T08:01:42","date_gmt":"2023-09-21T08:01:42","guid":{"rendered":"https:\/\/web.montes.upm.es\/?p=6135"},"modified":"2023-09-28T09:29:08","modified_gmt":"2023-09-28T09:29:08","slug":"el-director-de-la-eti-de-montes-forestal-y-del-medio-natural-luis-garcia-esteban-protagonizo-el-pregon-de-las-fiestas-de-villaviciosa-de-odon","status":"publish","type":"post","link":"https:\/\/web.montes.upm.es\/?p=6135","title":{"rendered":"El Director de la ETSI de Montes, Forestal y del Medio Natural, Luis Garc\u00eda Esteban, protagoniz\u00f3 el Preg\u00f3n de las fiestas de Villaviciosa de Od\u00f3n"},"content":{"rendered":"\n<p>El anuncio oficial de las Fiestas tuvo&nbsp;como protagonista a Luis Garc\u00eda Esteban, director de la Escuela T\u00e9cnica Superior de Ingenier\u00eda de Montes, Forestal y del Medio Natural de la Universidad Polit\u00e9cnica de Madrid.<\/p>\n\n\n\n<p>Su presencia en este d\u00eda tiene un especial simbolismo y significado puesto que supone una muestra de agradecimiento del pueblo de Villaviciosa de Od\u00f3n a la escuela que hoy dirige. Y es que fue este centro educativo el principal responsable de que podamos disfrutar en Villaviciosa de Od\u00f3n de uno de los espacios naturales m\u00e1s espectaculares, bellos y emblem\u00e1ticos de la Comunidad de Madrid, nuestro querido Forestal.<\/p>\n\n\n\n<p>El acalde, Juan Pedro Izquierdo, destac\u00f3 la importancia de este centro que naci\u00f3 hace 175 a\u00f1os en nuestro municipio y por ello el motivo de este merecido reconocimiento en la persona de su director, que firm\u00f3 en el libro de honor del Ayuntamiento.<\/p>\n\n\n\n<p><a href=\"https:\/\/www.aytovillaviciosadeodon.es\/-\/el-director-de-la-escuela-tecnica-de-ingenieria-de-montes-luis-garcia-esteban-protagonizo-el-pregon\">Ver la noticia<\/a><\/p>\n","protected":false},"excerpt":{"rendered":"<p>El anuncio oficial de las Fiestas tuvo&nbsp;como protagonista a Luis Garc\u00eda Esteban, director de la Escuela T\u00e9cnica Superior de Ingenier\u00eda de Montes, Forestal y del Medio Natural de la Universidad Polit\u00e9cnica de Madrid. Su presencia en este d\u00eda tiene un especial simbolismo y significado puesto que supone una muestra de agradecimiento del pueblo de Villaviciosa [&hellip;]<\/p>\n","protected":false},"author":4,"featured_media":6136,"comment_status":"closed","ping_status":"closed","sticky":false,"template":"","format":"standard","meta":{"_monsterinsights_skip_tracking":false,"_monsterinsights_sitenote_active":false,"_monsterinsights_sitenote_note":"","_monsterinsights_sitenote_category":0,"_uf_show_specific_survey":0,"_uf_disable_surveys":false,"footnotes":""},"categories":[4,81],"tags":[144,16,15,124],"class_list":["post-6135","post","type-post","status-publish","format-standard","has-post-thumbnail","hentry","category-noticias","category-protagonistas","tag-clxxv-aniversario","tag-escuela-tecnica-superior-de-ingenieria-de-montes","tag-etsimfmn","tag-villaviciosa-de-odon"],"aioseo_notices":[],"_links":{"self":[{"href":"https:\/\/web.montes.upm.es\/index.php?rest_route=\/wp\/v2\/posts\/6135","targetHints":{"allow":["GET"]}}],"collection":[{"href":"https:\/\/web.montes.upm.es\/index.php?rest_route=\/wp\/v2\/posts"}],"about":[{"href":"https:\/\/web.montes.upm.es\/index.php?rest_route=\/wp\/v2\/types\/post"}],"author":[{"embeddable":true,"href":"https:\/\/web.montes.upm.es\/index.php?rest_route=\/wp\/v2\/users\/4"}],"replies":[{"embeddable":true,"href":"https:\/\/web.montes.upm.es\/index.php?rest_route=%2Fwp%2Fv2%2Fcomments&post=6135"}],"version-history":[{"count":3,"href":"https:\/\/web.montes.upm.es\/index.php?rest_route=\/wp\/v2\/posts\/6135\/revisions"}],"predecessor-version":[{"id":6139,"href":"https:\/\/web.montes.upm.es\/index.php?rest_route=\/wp\/v2\/posts\/6135\/revisions\/6139"}],"wp:featuredmedia":[{"embeddable":true,"href":"https:\/\/web.montes.upm.es\/index.php?rest_route=\/wp\/v2\/media\/6136"}],"wp:attachment":[{"href":"https:\/\/web.montes.upm.es\/index.php?rest_route=%2Fwp%2Fv2%2Fmedia&parent=6135"}],"wp:term":[{"taxonomy":"category","embeddable":true,"href":"https:\/\/web.montes.upm.es\/index.php?rest_route=%2Fwp%2Fv2%2Fcategories&post=6135"},{"taxonomy":"post_tag","embeddable":true,"href":"https:\/\/web.montes.upm.es\/index.php?rest_route=%2Fwp%2Fv2%2Ftags&post=6135"}],"curies":[{"name":"wp","href":"https:\/\/api.w.org\/{rel}","templated":true}]}}