{"id":5827,"date":"2023-09-07T07:03:57","date_gmt":"2023-09-07T07:03:57","guid":{"rendered":"https:\/\/web.montes.upm.es\/?p=5827"},"modified":"2023-09-07T07:03:57","modified_gmt":"2023-09-07T07:03:57","slug":"beca-medio-ambiente-cruz-roja-espanola","status":"publish","type":"post","link":"https:\/\/web.montes.upm.es\/?p=5827","title":{"rendered":"Beca Medio Ambiente &#8211; Cruz Roja Espa\u00f1ola"},"content":{"rendered":"\n<p>Desde Cruz Roja, buscan un\/a estudiante del \u00e1rea de Medio Ambiente para apoyar en el desarrollo de las actividades y el dise\u00f1o de proyectos de sensibilizaci\u00f3n e intervenci\u00f3n medioambiental dirigidos a poblaci\u00f3n general y colectivos vulnerables.<\/p>\n\n\n\n<p><strong>Funciones:<\/strong><\/p>\n\n\n\n<p>En dependencia de la coordinaci\u00f3n del Programa de Medio Ambiente, apoyar\u00e1 en el desarrollo de actividades en proyectos medioambientales, dirigidos a la sensibilizaci\u00f3n e intervenci\u00f3n con poblaci\u00f3n general y colectivos vulnerables.<br>&#8211; Pobreza energ\u00e9tica<br>&#8211; Promoci\u00f3n de h\u00e1bitos y conductas respetuosas con el Medio Ambiente<br>&#8211; Proyectos de reforestaci\u00f3n y compensaci\u00f3n de huella de carbono<\/p>\n\n\n\n<p><strong>Se ofrece:<\/strong><br>Duraci\u00f3n de la beca: a convenir con el centro de estudios<br>Ayuda econ\u00f3mica: 600 euros\/mes<br>Lugar de la beca: El Plant\u00edo<br>Horario: Lunes a Viernes (9.00h a14.00h)<\/p>\n\n\n\n<p><a href=\"https:\/\/www.infojobs.net\/madrid\/beca-medio-ambiente\/of-i6424ba32b74c5f8f83182174eb7bd5?applicationOrigin=search-new&amp;page=1&amp;sortBy=RELEVANCE\">M\u00e1s informaci\u00f3n&#8230;<\/a><\/p>\n","protected":false},"excerpt":{"rendered":"<p>Desde Cruz Roja, buscan un\/a estudiante del \u00e1rea de Medio Ambiente para apoyar en el desarrollo de las actividades y el dise\u00f1o de proyectos de sensibilizaci\u00f3n e intervenci\u00f3n medioambiental dirigidos a poblaci\u00f3n general y colectivos vulnerables. Funciones: En dependencia de la coordinaci\u00f3n del Programa de Medio Ambiente, apoyar\u00e1 en el desarrollo de actividades en proyectos [&hellip;]<\/p>\n","protected":false},"author":4,"featured_media":1799,"comment_status":"closed","ping_status":"closed","sticky":false,"template":"","format":"standard","meta":{"_monsterinsights_skip_tracking":false,"_monsterinsights_sitenote_active":false,"_monsterinsights_sitenote_note":"","_monsterinsights_sitenote_category":0,"_uf_show_specific_survey":0,"_uf_disable_surveys":false,"footnotes":""},"categories":[9],"tags":[24,25,90],"class_list":["post-5827","post","type-post","status-publish","format-standard","has-post-thumbnail","hentry","category-tablon-anuncios","tag-becas","tag-cruz-roja","tag-medio-ambiente"],"aioseo_notices":[],"_links":{"self":[{"href":"https:\/\/web.montes.upm.es\/index.php?rest_route=\/wp\/v2\/posts\/5827","targetHints":{"allow":["GET"]}}],"collection":[{"href":"https:\/\/web.montes.upm.es\/index.php?rest_route=\/wp\/v2\/posts"}],"about":[{"href":"https:\/\/web.montes.upm.es\/index.php?rest_route=\/wp\/v2\/types\/post"}],"author":[{"embeddable":true,"href":"https:\/\/web.montes.upm.es\/index.php?rest_route=\/wp\/v2\/users\/4"}],"replies":[{"embeddable":true,"href":"https:\/\/web.montes.upm.es\/index.php?rest_route=%2Fwp%2Fv2%2Fcomments&post=5827"}],"version-history":[{"count":1,"href":"https:\/\/web.montes.upm.es\/index.php?rest_route=\/wp\/v2\/posts\/5827\/revisions"}],"predecessor-version":[{"id":5828,"href":"https:\/\/web.montes.upm.es\/index.php?rest_route=\/wp\/v2\/posts\/5827\/revisions\/5828"}],"wp:featuredmedia":[{"embeddable":true,"href":"https:\/\/web.montes.upm.es\/index.php?rest_route=\/wp\/v2\/media\/1799"}],"wp:attachment":[{"href":"https:\/\/web.montes.upm.es\/index.php?rest_route=%2Fwp%2Fv2%2Fmedia&parent=5827"}],"wp:term":[{"taxonomy":"category","embeddable":true,"href":"https:\/\/web.montes.upm.es\/index.php?rest_route=%2Fwp%2Fv2%2Fcategories&post=5827"},{"taxonomy":"post_tag","embeddable":true,"href":"https:\/\/web.montes.upm.es\/index.php?rest_route=%2Fwp%2Fv2%2Ftags&post=5827"}],"curies":[{"name":"wp","href":"https:\/\/api.w.org\/{rel}","templated":true}]}}