{"id":5772,"date":"2023-09-01T16:34:27","date_gmt":"2023-09-01T16:34:27","guid":{"rendered":"https:\/\/web.montes.upm.es\/?p=5772"},"modified":"2023-09-01T16:43:38","modified_gmt":"2023-09-01T16:43:38","slug":"jornadas-tecnicas-sobre-el-plan-de-calidad-de-la-madera-de-andalucia","status":"publish","type":"post","link":"https:\/\/web.montes.upm.es\/?p=5772","title":{"rendered":"Jornadas t\u00e9cnicas sobre el Plan de Calidad de la Madera de Andaluc\u00eda"},"content":{"rendered":"\t\t<div data-elementor-type=\"wp-post\" data-elementor-id=\"5772\" class=\"elementor elementor-5772\" data-elementor-post-type=\"post\">\n\t\t\t\t\t\t<section class=\"elementor-section elementor-top-section elementor-element elementor-element-22d64a14 elementor-section-boxed elementor-section-height-default elementor-section-height-default exad-glass-effect-no exad-sticky-section-no\" data-id=\"22d64a14\" data-element_type=\"section\">\n\t\t\t\t\t\t<div class=\"elementor-container elementor-column-gap-default\">\n\t\t\t\t\t<div class=\"elementor-column elementor-col-100 elementor-top-column elementor-element elementor-element-4de4fc67 exad-glass-effect-no exad-sticky-section-no\" data-id=\"4de4fc67\" data-element_type=\"column\">\n\t\t\t<div class=\"elementor-widget-wrap elementor-element-populated\">\n\t\t\t\t\t\t<div class=\"elementor-element elementor-element-2404bdf6 exad-sticky-section-no exad-glass-effect-no elementor-widget elementor-widget-text-editor\" data-id=\"2404bdf6\" data-element_type=\"widget\" data-widget_type=\"text-editor.default\">\n\t\t\t\t<div class=\"elementor-widget-container\">\n\t\t\t<style>\/*! elementor - v3.19.0 - 29-01-2024 *\/\n.elementor-widget-text-editor.elementor-drop-cap-view-stacked .elementor-drop-cap{background-color:#69727d;color:#fff}.elementor-widget-text-editor.elementor-drop-cap-view-framed .elementor-drop-cap{color:#69727d;border:3px solid;background-color:transparent}.elementor-widget-text-editor:not(.elementor-drop-cap-view-default) .elementor-drop-cap{margin-top:8px}.elementor-widget-text-editor:not(.elementor-drop-cap-view-default) .elementor-drop-cap-letter{width:1em;height:1em}.elementor-widget-text-editor .elementor-drop-cap{float:left;text-align:center;line-height:1;font-size:50px}.elementor-widget-text-editor .elementor-drop-cap-letter{display:inline-block}<\/style>\t\t\t\t<div style=\"color: rgb(44, 54, 58); font-family: Verdana, Geneva, sans-serif; font-size: 13.3333px; text-align: justify;\">Durante los d\u00edas&nbsp;<span style=\"font-weight: bolder;\"><u>7 y 8 de septiembre de 2023&nbsp;<\/u><\/span>se celebrar\u00e1n en el Campus de la Universidad Pablo de Olavide las primeras&nbsp;<span style=\"font-weight: bolder;\">Jornadas T\u00e9cnicas<\/span><span style=\"font-weight: bolder;\">&nbsp;&#8220;El Plan de Calidad de la Madera de Andaluc\u00eda: Una oportunidad \u00fanica para conservar y revalorizar los bosques del futuro&#8221;<\/span>&nbsp;en el que durante la primera jornada se cubrir\u00e1 la selvicultura de madera de calidad y cadena de valor desde el monte a la industria, y en la segunda desde la industria de productos de la madera y otros productos forestales hasta la construcci\u00f3n y aplicaci\u00f3n sostenible de la madera de calidad.<\/div><div style=\"color: rgb(44, 54, 58); font-family: Verdana, Geneva, sans-serif; font-size: 13.3333px; text-align: justify;\">&nbsp;<\/div><div style=\"color: rgb(44, 54, 58); font-family: Verdana, Geneva, sans-serif; font-size: 13.3333px;\"><p style=\"margin-bottom: 1rem; text-align: justify;\">Se trata de una jornada totalmente&nbsp;<span style=\"font-weight: bolder;\">GRATUITA&nbsp;<\/span>dirigida a todo tipo de interesad@s, ya sean profesionales o no del sector, gestores, investigadores, arquitectos, empresas, instituciones, estudiantes o asociaciones interesadas en el mundo de la bioeconom\u00eda forestal, medioambiente, certificaci\u00f3n, desarrollo rural, conservaci\u00f3n de la naturaleza, selvicultura, forestaci\u00f3n, producci\u00f3n agroforestal, la industria agroforestal, proyectos de ingenier\u00eda, construcci\u00f3n y la arquitectura sostenible. Para ello contaremos con un gran elenco de expert@s a nivel nacional e internacional en las tem\u00e1ticas incluidas en el programa adjunto.<\/p><p style=\"margin-bottom: 1rem; text-align: justify;\">Para poder asistir tan s\u00f3lo hay que rellenar el siguiente&nbsp;<a href=\"https:\/\/urldefense.com\/v3\/__https:\/\/shorturl.at\/aikXY__;!!D9dNQwwGXtA!SSrxdGR0QO8KJ5zTd_J51SoWw3Bk5IHF2aRYKvktFQ5LIRebld5coUCkzMy_zT3h0htYYzSp0ptuG8iJUCHEWjoSjDA$\" target=\"_blank\" rel=\"noreferrer\" style=\"color: rgb(0, 172, 255);\">https:\/\/shorturl.at\/<wbr>aikXY<\/a>&nbsp;&nbsp;<u>antes del d\u00eda 3 de septiembre de 2023 a las 23:00.<\/u><\/p><p style=\"margin-bottom: 1rem; text-align: justify;\">El Programa provisional se puede consultar en esta web (<a href=\"http:\/\/eventos.upo.es\/go\/jornadasmadera2023\" target=\"_blank\" rel=\"noreferrer\" style=\"color: rgb(0, 172, 255);\">http:\/\/eventos.upo.es\/go\/<wbr>jornadasmadera2023<\/a>), junto con toda informaci\u00f3n de inter\u00e9s sobre la sede de las Jornadas.<\/p><p style=\"margin-bottom: 1rem; text-align: justify;\">Para cualquier duda o consulta estaremos encantados de responder desde el correo&nbsp;<a href=\"mailto:dendrolavide@upo.es\" rel=\"noreferrer\" style=\"color: rgb(0, 172, 255);\">dendrolavide@upo.es<\/a>&nbsp;<\/p><\/div>\t\t\t\t\t\t<\/div>\n\t\t\t\t<\/div>\n\t\t\t\t\t<\/div>\n\t\t<\/div>\n\t\t\t\t\t<\/div>\n\t\t<\/section>\n\t\t\t\t<section class=\"elementor-section elementor-top-section elementor-element elementor-element-b95c5b5 elementor-section-boxed elementor-section-height-default elementor-section-height-default exad-glass-effect-no exad-sticky-section-no\" data-id=\"b95c5b5\" data-element_type=\"section\">\n\t\t\t\t\t\t<div class=\"elementor-container elementor-column-gap-default\">\n\t\t\t\t\t<div class=\"elementor-column elementor-col-100 elementor-top-column elementor-element elementor-element-89b9ba3 exad-glass-effect-no exad-sticky-section-no\" data-id=\"89b9ba3\" data-element_type=\"column\">\n\t\t\t<div class=\"elementor-widget-wrap elementor-element-populated\">\n\t\t\t\t\t\t<div class=\"elementor-element elementor-element-e109bd9 exad-sticky-section-no exad-glass-effect-no elementor-widget elementor-widget-pdf_viewer\" data-id=\"e109bd9\" data-element_type=\"widget\" data-widget_type=\"pdf_viewer.default\">\n\t\t\t\t<div class=\"elementor-widget-container\">\n\t\t\t<iframe src=\"https:\/\/docs.google.com\/viewer?url=https:\/\/web.montes.upm.es\/wp-content\/uploads\/2023\/09\/JORNADAS-MADERA-DEFINITIVO-1-9-23on-line.pdf&amp;embedded=true\" style=\"display: block; margin-left: auto; margin-right: auto; width: 640px; height: 1020px;\" frameborder=\"1\" marginheight=\"0px\" marginwidth=\"0px\" allowfullscreen><\/iframe>\t\t<\/div>\n\t\t\t\t<\/div>\n\t\t\t\t\t<\/div>\n\t\t<\/div>\n\t\t\t\t\t<\/div>\n\t\t<\/section>\n\t\t\t\t<\/div>\n\t\t","protected":false},"excerpt":{"rendered":"<p>Durante los d\u00edas&nbsp;7 y 8 de septiembre de 2023&nbsp;se celebrar\u00e1n en el Campus de la Universidad Pablo de Olavide las primeras&nbsp;Jornadas T\u00e9cnicas&nbsp;&#8220;El Plan de Calidad de la Madera de Andaluc\u00eda: Una oportunidad \u00fanica para conservar y revalorizar los bosques del futuro&#8221;&nbsp;en el que durante la primera jornada se cubrir\u00e1 la selvicultura de madera de calidad [&hellip;]<\/p>\n","protected":false},"author":4,"featured_media":5778,"comment_status":"open","ping_status":"open","sticky":false,"template":"","format":"standard","meta":{"_monsterinsights_skip_tracking":false,"_monsterinsights_sitenote_active":false,"_monsterinsights_sitenote_note":"","_monsterinsights_sitenote_category":0,"_uf_show_specific_survey":0,"_uf_disable_surveys":false,"footnotes":""},"categories":[4],"tags":[86,85],"class_list":["post-5772","post","type-post","status-publish","format-standard","has-post-thumbnail","hentry","category-noticias","tag-andalucia","tag-madera"],"aioseo_notices":[],"_links":{"self":[{"href":"https:\/\/web.montes.upm.es\/index.php?rest_route=\/wp\/v2\/posts\/5772","targetHints":{"allow":["GET"]}}],"collection":[{"href":"https:\/\/web.montes.upm.es\/index.php?rest_route=\/wp\/v2\/posts"}],"about":[{"href":"https:\/\/web.montes.upm.es\/index.php?rest_route=\/wp\/v2\/types\/post"}],"author":[{"embeddable":true,"href":"https:\/\/web.montes.upm.es\/index.php?rest_route=\/wp\/v2\/users\/4"}],"replies":[{"embeddable":true,"href":"https:\/\/web.montes.upm.es\/index.php?rest_route=%2Fwp%2Fv2%2Fcomments&post=5772"}],"version-history":[{"count":5,"href":"https:\/\/web.montes.upm.es\/index.php?rest_route=\/wp\/v2\/posts\/5772\/revisions"}],"predecessor-version":[{"id":5779,"href":"https:\/\/web.montes.upm.es\/index.php?rest_route=\/wp\/v2\/posts\/5772\/revisions\/5779"}],"wp:featuredmedia":[{"embeddable":true,"href":"https:\/\/web.montes.upm.es\/index.php?rest_route=\/wp\/v2\/media\/5778"}],"wp:attachment":[{"href":"https:\/\/web.montes.upm.es\/index.php?rest_route=%2Fwp%2Fv2%2Fmedia&parent=5772"}],"wp:term":[{"taxonomy":"category","embeddable":true,"href":"https:\/\/web.montes.upm.es\/index.php?rest_route=%2Fwp%2Fv2%2Fcategories&post=5772"},{"taxonomy":"post_tag","embeddable":true,"href":"https:\/\/web.montes.upm.es\/index.php?rest_route=%2Fwp%2Fv2%2Ftags&post=5772"}],"curies":[{"name":"wp","href":"https:\/\/api.w.org\/{rel}","templated":true}]}}