{"id":5639,"date":"2023-07-14T12:13:19","date_gmt":"2023-07-14T12:13:19","guid":{"rendered":"https:\/\/web.montes.upm.es\/?p=5639"},"modified":"2023-07-14T12:13:19","modified_gmt":"2023-07-14T12:13:19","slug":"reunion-informativa-sobre-practicas-curriculares","status":"publish","type":"post","link":"https:\/\/web.montes.upm.es\/?p=5639","title":{"rendered":"Reuni\u00f3n informativa sobre pr\u00e1cticas curriculares"},"content":{"rendered":"\n<p>Se va a realizar una reuni\u00f3n informativa, dirigida a los profesores, sobre las pr\u00e1cticas curriculares el pr\u00f3ximo&nbsp;<strong>jueves 20 de julio a las 10:00 en formato online<\/strong>.&nbsp;<\/p>\n\n\n\n<p>La duraci\u00f3n ser\u00e1 de unos 40 minutos y os informar\u00e9 sobre: el desarrollo de las pr\u00e1cticas en el curso 22-23, las labores del tutor acad\u00e9mico, fechas importantes y el&nbsp;<strong>cambio que se va a producir en la plataforma de gesti\u00f3n<\/strong>&nbsp;de las pr\u00e1cticas y que va a modificar (a mejor) algunas de las actividades del tutor acad\u00e9mico.<\/p>\n\n\n\n<p>Principalmente va a cambiar el proceso de firma del ANEXO de pr\u00e1cticas y la cumplimentaci\u00f3n de los informes. Todo ello se va a realizar a trav\u00e9s de la nueva plataforma, eliminando el env\u00edo de emails por parte de la OPE.&nbsp;<strong>Es importante la asistencia a la reuni\u00f3n para poder conocer estos cambios<\/strong>, que van a ser aplicados a las pr\u00e1cticas que comiencen a partir del 1 de agosto de 2023.<\/p>\n\n\n\n<p>La reuni\u00f3n se realizar\u00e1 a trav\u00e9s de la ZOOM. A continuaci\u00f3n figura enlace, ID y contrase\u00f1a para acceder a la misma.<\/p>\n\n\n\n<p>Hora: 20 jul 2023 10:00 a.&nbsp;m. Par\u00eds<\/p>\n\n\n\n<p><a href=\"https:\/\/upm.zoom.us\/j\/81151444729?pwd=Ymo1WEtYMjFJcW9GMDdxWG1zOHI5UT09\">https:\/\/upm.zoom.us\/j\/81151444729?pwd=Ymo1WEtYMjFJcW9GMDdxWG1zOHI5UT09<\/a><\/p>\n\n\n\n<p>ID de reuni\u00f3n: 811 5144 4729<\/p>\n","protected":false},"excerpt":{"rendered":"<p>Se va a realizar una reuni\u00f3n informativa, dirigida a los profesores, sobre las pr\u00e1cticas curriculares el pr\u00f3ximo&nbsp;jueves 20 de julio a las 10:00 en formato online.&nbsp; La duraci\u00f3n ser\u00e1 de unos 40 minutos y os informar\u00e9 sobre: el desarrollo de las pr\u00e1cticas en el curso 22-23, las labores del tutor acad\u00e9mico, fechas importantes y el&nbsp;cambio [&hellip;]<\/p>\n","protected":false},"author":4,"featured_media":1189,"comment_status":"open","ping_status":"open","sticky":false,"template":"","format":"standard","meta":{"_monsterinsights_skip_tracking":false,"_monsterinsights_sitenote_active":false,"_monsterinsights_sitenote_note":"","_monsterinsights_sitenote_category":0,"_uf_show_specific_survey":0,"_uf_disable_surveys":false,"footnotes":""},"categories":[5,9],"tags":[52,51],"class_list":["post-5639","post","type-post","status-publish","format-standard","has-post-thumbnail","hentry","category-eventos","category-tablon-anuncios","tag-escuela","tag-practicas"],"aioseo_notices":[],"_links":{"self":[{"href":"https:\/\/web.montes.upm.es\/index.php?rest_route=\/wp\/v2\/posts\/5639","targetHints":{"allow":["GET"]}}],"collection":[{"href":"https:\/\/web.montes.upm.es\/index.php?rest_route=\/wp\/v2\/posts"}],"about":[{"href":"https:\/\/web.montes.upm.es\/index.php?rest_route=\/wp\/v2\/types\/post"}],"author":[{"embeddable":true,"href":"https:\/\/web.montes.upm.es\/index.php?rest_route=\/wp\/v2\/users\/4"}],"replies":[{"embeddable":true,"href":"https:\/\/web.montes.upm.es\/index.php?rest_route=%2Fwp%2Fv2%2Fcomments&post=5639"}],"version-history":[{"count":1,"href":"https:\/\/web.montes.upm.es\/index.php?rest_route=\/wp\/v2\/posts\/5639\/revisions"}],"predecessor-version":[{"id":5640,"href":"https:\/\/web.montes.upm.es\/index.php?rest_route=\/wp\/v2\/posts\/5639\/revisions\/5640"}],"wp:featuredmedia":[{"embeddable":true,"href":"https:\/\/web.montes.upm.es\/index.php?rest_route=\/wp\/v2\/media\/1189"}],"wp:attachment":[{"href":"https:\/\/web.montes.upm.es\/index.php?rest_route=%2Fwp%2Fv2%2Fmedia&parent=5639"}],"wp:term":[{"taxonomy":"category","embeddable":true,"href":"https:\/\/web.montes.upm.es\/index.php?rest_route=%2Fwp%2Fv2%2Fcategories&post=5639"},{"taxonomy":"post_tag","embeddable":true,"href":"https:\/\/web.montes.upm.es\/index.php?rest_route=%2Fwp%2Fv2%2Ftags&post=5639"}],"curies":[{"name":"wp","href":"https:\/\/api.w.org\/{rel}","templated":true}]}}