{"id":5226,"date":"2023-07-04T08:17:38","date_gmt":"2023-07-04T08:17:38","guid":{"rendered":"https:\/\/web.montes.upm.es\/?p=5226"},"modified":"2023-07-04T08:17:38","modified_gmt":"2023-07-04T08:17:38","slug":"oferta-de-empleo-universidad-de-castilla-la-mancha","status":"publish","type":"post","link":"https:\/\/web.montes.upm.es\/?p=5226","title":{"rendered":"Oferta de empleo &#8211; Universidad de Castilla-La Mancha"},"content":{"rendered":"\n<p>Financiaci\u00f3n: Programa Investigo (Ministerio de Trabajo y Econom\u00eda Social).&nbsp;<\/p>\n\n\n\n<p>Instituci\u00f3n: Universidad de Castilla-La Mancha.&nbsp;<\/p>\n\n\n\n<ul class=\"wp-block-list\">\n<li><strong>Tipo de contrato:&nbsp;<\/strong>SEGUNDA PROYECTO I+D, tipo de categor\u00eda SEGUNDA-II.&nbsp;<\/li>\n\n\n\n<li><strong>Duraci\u00f3n del contrato.&nbsp;<\/strong>Dos a\u00f1os(Desde 1\/09\/2023 a 31\/08\/2025).&nbsp;<\/li>\n\n\n\n<li><strong>Dedicaci\u00f3n.&nbsp;<\/strong>Tiempo completo (37,5 horas\/semana).&nbsp;<\/li>\n\n\n\n<li><strong>Retribuci\u00f3n<\/strong>. 1.776,80 \u20ac brutos mensuales (14 pagas al a\u00f1o).&nbsp;<\/li>\n\n\n\n<li><strong>Tareas.<\/strong>&nbsp;Muestreo en campo y an\u00e1lisis de datos para implementar modelos de gesti\u00f3n selv\u00edcola para integrarlos en modelos de mejora y preservaci\u00f3n del patrimonio forestal en la Cuenca Mediterr\u00e1nea. Se busca implementarlos para generar innovaci\u00f3n con un claro retorno sociocultural, ambiental y econ\u00f3mico basado en la bioeconom\u00eda y el mantenimiento de los servicios ecosist\u00e9micos (\u00e1rea tem\u00e1tica forestal (4.1) y de desarrollo rural (6) y en el \u00e1rea focal FEADER prioridad 4).&nbsp;<br>Se realizar\u00e1n seguimiento de actuaciones demostrativas para incluir en la planificaci\u00f3n forestal y contribuir positivamente a la implementaci\u00f3n de una mejora del conocimiento en la gesti\u00f3n sostenible.&nbsp;<br>&nbsp;<\/li>\n\n\n\n<li><strong>Titulaci\u00f3n acad\u00e9mica requerida.<\/strong>&nbsp; Grado de Ingenier\u00eda Forestal y del Medio Natural (se valora Master en tem\u00e1tica relacionada con las tareas propuestas)&nbsp;&nbsp;<br>&nbsp;<\/li>\n\n\n\n<li><strong>Requisitos de los candidatos:<\/strong><ul><li>Mayor de 16 o m\u00e1s a\u00f1os y que no hayan cumplido los 30 a\u00f1os&nbsp;<\/li><\/ul><ul><li>En situaci\u00f3n de desempleo y estar inscrito\/a como demandante en una Oficina de Empleo, en el momento de comenzar la relaci\u00f3n contractual.&nbsp;<\/li><\/ul>\n<ul class=\"wp-block-list\">\n<li>No podr\u00e1n aspirar al contrato personas que hayan desempe\u00f1ado cualquier tipo de puesto de investigaci\u00f3n en la Universidad de Castilla-La Mancha en el plazo de 6 meses inmediatamente anteriores.&nbsp;<br><br><\/li>\n<\/ul>\n<\/li>\n\n\n\n<li><strong>Solicitud;<\/strong>&nbsp;<br><a href=\"https:\/\/urldefense.com\/v3\/__https:\/convocatorias.rrhh.uclm.es\/convocatorias.aspx?c=13711__;!!D9dNQwwGXtA!SaZk35xkQuYrFBxT-UZSXvGmfHqDMMS6BYTilDgpSPGp2j-6sBh_lVvvqp9Mj7v2aKeAWH5cC25NddJA4eG_bpdKlA8cQ0MN$\" target=\"_blank\" rel=\"noreferrer noopener\">https:\/\/convocatorias.rrhh.uclm.es\/convocatorias.aspx?c=13711<\/a>&nbsp;<\/li>\n\n\n\n<li><strong>Documentaci\u00f3n<\/strong>:\u00a0\u00a0<ul><li>Titulaci\u00f3n acad\u00e9mica&nbsp;<\/li><\/ul><ul><li>Fotocopia del DNI&nbsp;<\/li><\/ul><ul><li>Curr\u00edculum vitae ciego (<a href=\"https:\/\/urldefense.com\/v3\/__https:\/convocatorias.rrhh.uclm.es\/index.aspx?t=12__;!!D9dNQwwGXtA!SaZk35xkQuYrFBxT-UZSXvGmfHqDMMS6BYTilDgpSPGp2j-6sBh_lVvvqp9Mj7v2aKeAWH5cC25NddJA4eG_bpdKlGQb8rT4$\" target=\"_blank\" rel=\"noreferrer noopener\">https:\/\/convocatorias.rrhh.uclm.es\/index.aspx?t=12<\/a>)&nbsp;<br><br><\/li><\/ul>\n<ul class=\"wp-block-list\">\n<li>Plazo de presentaci\u00f3n:&nbsp;<strong>&nbsp;28 junio a 7 de julio de 2023<\/strong>.&nbsp;<\/li>\n<\/ul>\n<\/li>\n<\/ul>\n","protected":false},"excerpt":{"rendered":"<p>Financiaci\u00f3n: Programa Investigo (Ministerio de Trabajo y Econom\u00eda Social).&nbsp; Instituci\u00f3n: Universidad de Castilla-La Mancha.&nbsp;<\/p>\n","protected":false},"author":4,"featured_media":3197,"comment_status":"closed","ping_status":"closed","sticky":false,"template":"","format":"standard","meta":{"_monsterinsights_skip_tracking":false,"_monsterinsights_sitenote_active":false,"_monsterinsights_sitenote_note":"","_monsterinsights_sitenote_category":0,"_uf_show_specific_survey":0,"_uf_disable_surveys":false,"footnotes":""},"categories":[9],"tags":[27,22,30,31,29,28],"class_list":["post-5226","post","type-post","status-publish","format-standard","has-post-thumbnail","hentry","category-tablon-anuncios","tag-empleo","tag-forestal","tag-ingenieria","tag-medio-natural","tag-planificacion","tag-universidad-de-castilla-la-mancha"],"aioseo_notices":[],"_links":{"self":[{"href":"https:\/\/web.montes.upm.es\/index.php?rest_route=\/wp\/v2\/posts\/5226","targetHints":{"allow":["GET"]}}],"collection":[{"href":"https:\/\/web.montes.upm.es\/index.php?rest_route=\/wp\/v2\/posts"}],"about":[{"href":"https:\/\/web.montes.upm.es\/index.php?rest_route=\/wp\/v2\/types\/post"}],"author":[{"embeddable":true,"href":"https:\/\/web.montes.upm.es\/index.php?rest_route=\/wp\/v2\/users\/4"}],"replies":[{"embeddable":true,"href":"https:\/\/web.montes.upm.es\/index.php?rest_route=%2Fwp%2Fv2%2Fcomments&post=5226"}],"version-history":[{"count":1,"href":"https:\/\/web.montes.upm.es\/index.php?rest_route=\/wp\/v2\/posts\/5226\/revisions"}],"predecessor-version":[{"id":5227,"href":"https:\/\/web.montes.upm.es\/index.php?rest_route=\/wp\/v2\/posts\/5226\/revisions\/5227"}],"wp:featuredmedia":[{"embeddable":true,"href":"https:\/\/web.montes.upm.es\/index.php?rest_route=\/wp\/v2\/media\/3197"}],"wp:attachment":[{"href":"https:\/\/web.montes.upm.es\/index.php?rest_route=%2Fwp%2Fv2%2Fmedia&parent=5226"}],"wp:term":[{"taxonomy":"category","embeddable":true,"href":"https:\/\/web.montes.upm.es\/index.php?rest_route=%2Fwp%2Fv2%2Fcategories&post=5226"},{"taxonomy":"post_tag","embeddable":true,"href":"https:\/\/web.montes.upm.es\/index.php?rest_route=%2Fwp%2Fv2%2Ftags&post=5226"}],"curies":[{"name":"wp","href":"https:\/\/api.w.org\/{rel}","templated":true}]}}