{"id":5166,"date":"2023-06-30T10:09:32","date_gmt":"2023-06-30T10:09:32","guid":{"rendered":"https:\/\/web.montes.upm.es\/?p=5166"},"modified":"2023-06-30T10:09:32","modified_gmt":"2023-06-30T10:09:32","slug":"vii-edicion-de-los-premios-de-tecnologia-humanitaria-de-cruz-roja","status":"publish","type":"post","link":"https:\/\/web.montes.upm.es\/?p=5166","title":{"rendered":"VII Edici\u00f3n de los Premios de Tecnolog\u00eda Humanitaria de Cruz Roja"},"content":{"rendered":"\n<p>Premios que reconocen y apoyan el uso de la tecnolog\u00eda humanitaria para abordar desaf\u00edos sociales de manera innovadora y generar un impacto positivo en sus comunidades. Adem\u00e1s de la visibilidad, habr\u00e1 premio econ\u00f3mico a las ideas y proyectos que demuestran un potencial significativo para crear un cambio duradero.<\/p>\n\n\n\n<p>Algunas de la propuestas de a\u00f1os anteriores han ayudado a miles de personas con discapacidad auditiva traduciendo los sonidos en se\u00f1ales reconocibles como <a href=\"https:\/\/urldefense.com\/v3\/__https:\/www.youtube.com\/watch?v=g98zavksnN4&amp;t=2s__;!!D9dNQwwGXtA!WNZnC2l_EmIrocqzQlDxWwhSKLwz2muhtUihPFf-_2Y2Du-c6zPw2Mcq13BqMrLQnzHRS67s9b-Z9T1pf9Gw7n57L2hRN0nIfRkcmV4yYA$\">VISUALFY<\/a>, desarrollando pr\u00f3tesis con impresi\u00f3n 3D para personas con falta de alg\u00fan miembro por malformaci\u00f3n o amputaci\u00f3n como <a href=\"https:\/\/urldefense.com\/v3\/__https:\/www.youtube.com\/watch?v=MD0UoUG09k4&amp;t=65s__;!!D9dNQwwGXtA!WNZnC2l_EmIrocqzQlDxWwhSKLwz2muhtUihPFf-_2Y2Du-c6zPw2Mcq13BqMrLQnzHRS67s9b-Z9T1pf9Gw7n57L2hRN0nIfRndx26MIQ$\">TR\u00c9SDESIS<\/a>, mejorando la memoria musical de personas con demencia o alzh\u00e9imer como <a href=\"https:\/\/urldefense.com\/v3\/__https:\/www.youtube.com\/watch?v=En-bnWM4GdQ__;!!D9dNQwwGXtA!WNZnC2l_EmIrocqzQlDxWwhSKLwz2muhtUihPFf-_2Y2Du-c6zPw2Mcq13BqMrLQnzHRS67s9b-Z9T1pf9Gw7n57L2hRN0nIfRk0vrtxFA$\">BANDA SONORA VITAL<\/a> o creando mapas detallados de las partes del mundo que son vulnerables a desastres naturales, conflictos armados o epidemias como <a href=\"https:\/\/urldefense.com\/v3\/__https:\/www.youtube.com\/watch?v=LnsV5qaKXOA__;!!D9dNQwwGXtA!WNZnC2l_EmIrocqzQlDxWwhSKLwz2muhtUihPFf-_2Y2Du-c6zPw2Mcq13BqMrLQnzHRS67s9b-Z9T1pf9Gw7n57L2hRN0nIfRnW4GiRug$\">MISSING MAPS<\/a>, entre otros.<\/p>\n\n\n\n<p>El plazo para la <strong>presentaci\u00f3n de candidaturas es hasta el 10 de noviembre<\/strong> y se pueden consultar las bases en la web <a href=\"https:\/\/urldefense.com\/v3\/__https:\/www2.cruzroja.es\/premios-tecnologia-humanitaria__;!!D9dNQwwGXtA!WNZnC2l_EmIrocqzQlDxWwhSKLwz2muhtUihPFf-_2Y2Du-c6zPw2Mcq13BqMrLQnzHRS67s9b-Z9T1pf9Gw7n57L2hRN0nIfRkIhcnaTQ$\">https:\/\/www2.cruzroja.es\/premios-tecnologia-humanitaria<\/a>.<\/p>\n\n\n\n<p>Para cualquier pregunta adicional, pod\u00e9is escribir un correo electr\u00f3nico a: <a href=\"mailto:maduran@cruzroja.es\">maduran@cruzroja.es<\/a>.<\/p>\n","protected":false},"excerpt":{"rendered":"<p>Premios que reconocen y apoyan el uso de la tecnolog\u00eda humanitaria para abordar desaf\u00edos sociales de manera innovadora y generar un impacto positivo en sus comunidades. Adem\u00e1s de la visibilidad, habr\u00e1 premio econ\u00f3mico a las ideas y proyectos que demuestran un potencial significativo para crear un cambio duradero. Algunas de la propuestas de a\u00f1os anteriores [&hellip;]<\/p>\n","protected":false},"author":4,"featured_media":5170,"comment_status":"closed","ping_status":"closed","sticky":false,"template":"","format":"standard","meta":{"_monsterinsights_skip_tracking":false,"_monsterinsights_sitenote_active":false,"_monsterinsights_sitenote_note":"","_monsterinsights_sitenote_category":0,"_uf_show_specific_survey":0,"_uf_disable_surveys":false,"footnotes":""},"categories":[9],"tags":[25,26],"class_list":["post-5166","post","type-post","status-publish","format-standard","has-post-thumbnail","hentry","category-tablon-anuncios","tag-cruz-roja","tag-premio"],"aioseo_notices":[],"_links":{"self":[{"href":"https:\/\/web.montes.upm.es\/index.php?rest_route=\/wp\/v2\/posts\/5166","targetHints":{"allow":["GET"]}}],"collection":[{"href":"https:\/\/web.montes.upm.es\/index.php?rest_route=\/wp\/v2\/posts"}],"about":[{"href":"https:\/\/web.montes.upm.es\/index.php?rest_route=\/wp\/v2\/types\/post"}],"author":[{"embeddable":true,"href":"https:\/\/web.montes.upm.es\/index.php?rest_route=\/wp\/v2\/users\/4"}],"replies":[{"embeddable":true,"href":"https:\/\/web.montes.upm.es\/index.php?rest_route=%2Fwp%2Fv2%2Fcomments&post=5166"}],"version-history":[{"count":1,"href":"https:\/\/web.montes.upm.es\/index.php?rest_route=\/wp\/v2\/posts\/5166\/revisions"}],"predecessor-version":[{"id":5169,"href":"https:\/\/web.montes.upm.es\/index.php?rest_route=\/wp\/v2\/posts\/5166\/revisions\/5169"}],"wp:featuredmedia":[{"embeddable":true,"href":"https:\/\/web.montes.upm.es\/index.php?rest_route=\/wp\/v2\/media\/5170"}],"wp:attachment":[{"href":"https:\/\/web.montes.upm.es\/index.php?rest_route=%2Fwp%2Fv2%2Fmedia&parent=5166"}],"wp:term":[{"taxonomy":"category","embeddable":true,"href":"https:\/\/web.montes.upm.es\/index.php?rest_route=%2Fwp%2Fv2%2Fcategories&post=5166"},{"taxonomy":"post_tag","embeddable":true,"href":"https:\/\/web.montes.upm.es\/index.php?rest_route=%2Fwp%2Fv2%2Ftags&post=5166"}],"curies":[{"name":"wp","href":"https:\/\/api.w.org\/{rel}","templated":true}]}}