{"id":20011,"date":"2026-03-09T10:53:22","date_gmt":"2026-03-09T08:53:22","guid":{"rendered":"https:\/\/web.montes.upm.es\/?p=20011"},"modified":"2026-03-09T10:58:47","modified_gmt":"2026-03-09T08:58:47","slug":"v-congreso-estatal-de-estudiantes-de-biociencias-ceebi-granada-julio-2026","status":"publish","type":"post","link":"https:\/\/web.montes.upm.es\/?p=20011","title":{"rendered":"V Congreso Estatal de Estudiantes de Biociencias (CEEBI) Granada julio 2026"},"content":{"rendered":"\t\t<div data-elementor-type=\"wp-post\" data-elementor-id=\"20011\" class=\"elementor elementor-20011\" data-elementor-post-type=\"post\">\n\t\t\t\t\t\t<section class=\"elementor-section elementor-top-section elementor-element elementor-element-4212ba2b elementor-section-boxed elementor-section-height-default elementor-section-height-default exad-glass-effect-no exad-sticky-section-no\" data-id=\"4212ba2b\" data-element_type=\"section\">\n\t\t\t\t\t\t<div class=\"elementor-container elementor-column-gap-default\">\n\t\t\t\t\t<div class=\"elementor-column elementor-col-100 elementor-top-column elementor-element elementor-element-4fc1d5bc exad-glass-effect-no exad-sticky-section-no\" data-id=\"4fc1d5bc\" data-element_type=\"column\">\n\t\t\t<div class=\"elementor-widget-wrap elementor-element-populated\">\n\t\t\t\t\t\t<div class=\"elementor-element elementor-element-70a6bc7c exad-sticky-section-no exad-glass-effect-no elementor-widget elementor-widget-text-editor\" data-id=\"70a6bc7c\" data-element_type=\"widget\" data-widget_type=\"text-editor.default\">\n\t\t\t\t<div class=\"elementor-widget-container\">\n\t\t\t<style>\/*! elementor - v3.19.0 - 29-01-2024 *\/\n.elementor-widget-text-editor.elementor-drop-cap-view-stacked .elementor-drop-cap{background-color:#69727d;color:#fff}.elementor-widget-text-editor.elementor-drop-cap-view-framed .elementor-drop-cap{color:#69727d;border:3px solid;background-color:transparent}.elementor-widget-text-editor:not(.elementor-drop-cap-view-default) .elementor-drop-cap{margin-top:8px}.elementor-widget-text-editor:not(.elementor-drop-cap-view-default) .elementor-drop-cap-letter{width:1em;height:1em}.elementor-widget-text-editor .elementor-drop-cap{float:left;text-align:center;line-height:1;font-size:50px}.elementor-widget-text-editor .elementor-drop-cap-letter{display:inline-block}<\/style>\t\t\t\t<p><b>Inscripci\u00f3n abierta para el V CEEBI<\/b> en la web: <a href=\"https:\/\/urldefense.com\/v3\/__https:\/\/biociencias.es\/inscripciones__;!!D9dNQwwGXtA!VfMQI6rRJO3JswMzmOL40hFqzQUTSKLHydp4WIq63ITONg-aapaC6W6w0r_5qaXOqI2vaodvlRFer6J4LdI0$\">biociencias.es\/inscripciones<\/a>.<br \/><br \/>El CEEBI es un <b>evento organizado por estudiantes<\/b> de la Universidad de Granada <b>para estudiantes <\/b>y se celebrar\u00e1 del <b>14 al 17 de julio de 2026 en Granada<\/b>.<br \/><br \/>Su objetivo es promover una <b>formaci\u00f3n integral, transversal y complementaria<\/b> a los estudios de grado y m\u00e1ster del \u00e1mbito de las biociencias de una <b>forma amena y divertida<\/b>. Su lema es: <i><b>\u201c<u>No es incompatible aprender y pasarlo bien<\/u>\u201d<\/b><\/i>. Este congreso est\u00e1 destinado a estudiantes de biolog\u00eda, bioqu\u00edmica, biotecnolog\u00eda, farmacia, ciencia y tecnolog\u00eda de los alimentos y muchas otras carreras del \u00e1mbito de las biociencias (<a href=\"https:\/\/urldefense.com\/v3\/__https:\/\/biociencias.es\/destinatarios\/__;!!D9dNQwwGXtA!VfMQI6rRJO3JswMzmOL40hFqzQUTSKLHydp4WIq63ITONg-aapaC6W6w0r_5qaXOqI2vaodvlRFer36FMJzU$\">ver aqu\u00ed<\/a>).<br \/><br \/>Para esta edici\u00f3n, el CEEBI cuenta con una capacidad de m\u00e1s de 450 asistentes, debido al \u00e9xito de las tres ediciones anteriores. En \u00e9l se realizar\u00e1n ponencias, mesas redondas, microcursos en laboratorios, as\u00ed como un foro de empresas y entidades donde \u00e9stas podr\u00e1n contactar con los estudiantes interesados. Adem\u00e1s, los <b>asistentes <\/b>que quieran podr\u00e1n <b>presentar peque\u00f1as charlas, talleres o p\u00f3steres ya sean de sus TFGs o TFMs<\/b> o de alguna tem\u00e1tica que les suscite inter\u00e9s.<\/p><p>La inscripci\u00f3n al congreso estar\u00e1 abierta hasta completar todas las plazas disponibles. Adem\u00e1s, como los estudiantes se tienen que desplazar desde la <b>Universidad Polit\u00e9cnica de Madrid<\/b> hasta Granada para asistir al evento, habr\u00e1 un <b>descuento de 10\u20ac<\/b> para que cualquier estudiante de esta universidad pueda ahorrarse alg\u00fan dinero <b>en la inscripci\u00f3n presencial al evento<\/b> utilizando el c\u00f3digo de descuento<b> <\/b><b>UPM2026<\/b>. Adicionalmente, y <b>solo para las primeras personas que se inscriban<\/b>, hay habilitado un <b>descuento<\/b> tambi\u00e9n para la <b>cena de clausura<\/b>, con el c\u00f3digo <b>CENA20<\/b> y otro para las personas que se inscriban <b>online<\/b>,<b> <\/b>con el c\u00f3digo <b>ONLINE10<\/b>. <\/p><p>A trav\u00e9s de la p\u00e1gina web (<a href=\"https:\/\/urldefense.com\/v3\/__https:\/\/biociencias.es\/__;!!D9dNQwwGXtA!VfMQI6rRJO3JswMzmOL40hFqzQUTSKLHydp4WIq63ITONg-aapaC6W6w0r_5qaXOqI2vaodvlRFer1GTOlpR$\">biociencias.es<\/a>) y redes sociales (<a href=\"https:\/\/urldefense.com\/v3\/__https:\/\/linktr.ee\/biocienciasgrx__;!!D9dNQwwGXtA!VfMQI6rRJO3JswMzmOL40hFqzQUTSKLHydp4WIq63ITONg-aapaC6W6w0r_5qaXOqI2vaodvlRFerwHZjObj$\">@BiocienciasGRX<\/a>) se publicar\u00e1n otros descuentos para el transporte hasta la ciudad de Granada y alojamiento durante los d\u00edas que dure el evento. Toda la informaci\u00f3n del congreso as\u00ed como las novedades se encontrar\u00e1n ah\u00ed.<\/p>\t\t\t\t\t\t<\/div>\n\t\t\t\t<\/div>\n\t\t\t\t\t<\/div>\n\t\t<\/div>\n\t\t\t\t\t<\/div>\n\t\t<\/section>\n\t\t\t\t<\/div>\n\t\t","protected":false},"excerpt":{"rendered":"<p>Inscripci\u00f3n abierta para el V CEEBI en la web: biociencias.es\/inscripciones. El CEEBI es un evento organizado por estudiantes de la Universidad de Granada para estudiantes y se celebrar\u00e1 del 14 al 17 de julio de 2026 en Granada. Su objetivo es promover una formaci\u00f3n integral, transversal y complementaria a los estudios de grado y m\u00e1ster [&hellip;]<\/p>\n","protected":false},"author":30,"featured_media":20013,"comment_status":"closed","ping_status":"open","sticky":false,"template":"","format":"standard","meta":{"_monsterinsights_skip_tracking":false,"_monsterinsights_sitenote_active":false,"_monsterinsights_sitenote_note":"","_monsterinsights_sitenote_category":0,"_uf_show_specific_survey":0,"_uf_disable_surveys":false,"footnotes":""},"categories":[129,802,9],"tags":[88],"class_list":["post-20011","post","type-post","status-publish","format-standard","has-post-thumbnail","hentry","category-estudiantes","category-novedades-internacional","category-tablon-anuncios","tag-internacional"],"aioseo_notices":[],"_links":{"self":[{"href":"https:\/\/web.montes.upm.es\/index.php?rest_route=\/wp\/v2\/posts\/20011","targetHints":{"allow":["GET"]}}],"collection":[{"href":"https:\/\/web.montes.upm.es\/index.php?rest_route=\/wp\/v2\/posts"}],"about":[{"href":"https:\/\/web.montes.upm.es\/index.php?rest_route=\/wp\/v2\/types\/post"}],"author":[{"embeddable":true,"href":"https:\/\/web.montes.upm.es\/index.php?rest_route=\/wp\/v2\/users\/30"}],"replies":[{"embeddable":true,"href":"https:\/\/web.montes.upm.es\/index.php?rest_route=%2Fwp%2Fv2%2Fcomments&post=20011"}],"version-history":[{"count":4,"href":"https:\/\/web.montes.upm.es\/index.php?rest_route=\/wp\/v2\/posts\/20011\/revisions"}],"predecessor-version":[{"id":20016,"href":"https:\/\/web.montes.upm.es\/index.php?rest_route=\/wp\/v2\/posts\/20011\/revisions\/20016"}],"wp:featuredmedia":[{"embeddable":true,"href":"https:\/\/web.montes.upm.es\/index.php?rest_route=\/wp\/v2\/media\/20013"}],"wp:attachment":[{"href":"https:\/\/web.montes.upm.es\/index.php?rest_route=%2Fwp%2Fv2%2Fmedia&parent=20011"}],"wp:term":[{"taxonomy":"category","embeddable":true,"href":"https:\/\/web.montes.upm.es\/index.php?rest_route=%2Fwp%2Fv2%2Fcategories&post=20011"},{"taxonomy":"post_tag","embeddable":true,"href":"https:\/\/web.montes.upm.es\/index.php?rest_route=%2Fwp%2Fv2%2Ftags&post=20011"}],"curies":[{"name":"wp","href":"https:\/\/api.w.org\/{rel}","templated":true}]}}