{"id":19712,"date":"2026-03-05T12:41:45","date_gmt":"2026-03-05T10:41:45","guid":{"rendered":"https:\/\/web.montes.upm.es\/?p=19712"},"modified":"2026-03-05T12:47:17","modified_gmt":"2026-03-05T10:47:17","slug":"propuesta-de-adjudicacion-definitiva-de-plazas-erasmus-curso-2026-27","status":"publish","type":"post","link":"https:\/\/web.montes.upm.es\/?p=19712","title":{"rendered":"Propuesta de adjudicaci\u00f3n definitiva de plazas Erasmus+ curso 2026-27"},"content":{"rendered":"\t\t<div data-elementor-type=\"wp-post\" data-elementor-id=\"19712\" class=\"elementor elementor-19712\" data-elementor-post-type=\"post\">\n\t\t\t\t\t\t<section class=\"elementor-section elementor-top-section elementor-element elementor-element-4212ba2b elementor-section-boxed elementor-section-height-default elementor-section-height-default exad-glass-effect-no exad-sticky-section-no\" data-id=\"4212ba2b\" data-element_type=\"section\">\n\t\t\t\t\t\t<div class=\"elementor-container elementor-column-gap-default\">\n\t\t\t\t\t<div class=\"elementor-column elementor-col-100 elementor-top-column elementor-element elementor-element-4fc1d5bc exad-glass-effect-no exad-sticky-section-no\" data-id=\"4fc1d5bc\" data-element_type=\"column\">\n\t\t\t<div class=\"elementor-widget-wrap elementor-element-populated\">\n\t\t\t\t\t\t<div class=\"elementor-element elementor-element-70a6bc7c exad-sticky-section-no exad-glass-effect-no elementor-widget elementor-widget-text-editor\" data-id=\"70a6bc7c\" data-element_type=\"widget\" data-widget_type=\"text-editor.default\">\n\t\t\t\t<div class=\"elementor-widget-container\">\n\t\t\t<style>\/*! elementor - v3.19.0 - 29-01-2024 *\/\n.elementor-widget-text-editor.elementor-drop-cap-view-stacked .elementor-drop-cap{background-color:#69727d;color:#fff}.elementor-widget-text-editor.elementor-drop-cap-view-framed .elementor-drop-cap{color:#69727d;border:3px solid;background-color:transparent}.elementor-widget-text-editor:not(.elementor-drop-cap-view-default) .elementor-drop-cap{margin-top:8px}.elementor-widget-text-editor:not(.elementor-drop-cap-view-default) .elementor-drop-cap-letter{width:1em;height:1em}.elementor-widget-text-editor .elementor-drop-cap{float:left;text-align:center;line-height:1;font-size:50px}.elementor-widget-text-editor .elementor-drop-cap-letter{display:inline-block}<\/style>\t\t\t\t<p>Publicada la propuesta de adjudicaci\u00f3n DEFINITIVA de plazas, con la totalidad de las solicitudes presentadas, clasificadas por estudiantes admitidos y exluidos. La propuesta est\u00e1 publicada en el tabl\u00f3n de anuncios del hall del edificio B y puedes encontrarla <a href=\"https:\/\/web.montes.upm.es\/wp-content\/uploads\/2026\/03\/PROPUESTA-ADJUDICACION-DEFINITIVA-ERASMUS-26-27.pdf\">aqu\u00ed<\/a>.<\/p><p>El d\u00eda 11 de marzo se publicar\u00e1 la resoluci\u00f3n rectoral en la web de upm.\u00a0 <a class=\"moz-txt-link-freetext\" href=\"https:\/\/www.upm.es\/Estudiantes\/Movilidad\/Programas_Internacionales\/Erasmus\">https:\/\/www.upm.es\/Estudiantes\/Movilidad\/Programas_Internacionales\/Erasmus<\/a><\/p>\t\t\t\t\t\t<\/div>\n\t\t\t\t<\/div>\n\t\t\t\t\t<\/div>\n\t\t<\/div>\n\t\t\t\t\t<\/div>\n\t\t<\/section>\n\t\t\t\t<\/div>\n\t\t","protected":false},"excerpt":{"rendered":"<p>Publicada la propuesta de adjudicaci\u00f3n DEFINITIVA de plazas, con la totalidad de las solicitudes presentadas, clasificadas por estudiantes admitidos y exluidos. La propuesta est\u00e1 publicada en el tabl\u00f3n de anuncios del hall del edificio B y puedes encontrarla aqu\u00ed. El d\u00eda 11 de marzo se publicar\u00e1 la resoluci\u00f3n rectoral en la web de upm.\u00a0 https:\/\/www.upm.es\/Estudiantes\/Movilidad\/Programas_Internacionales\/Erasmus<\/p>\n","protected":false},"author":30,"featured_media":18345,"comment_status":"closed","ping_status":"open","sticky":false,"template":"","format":"standard","meta":{"_monsterinsights_skip_tracking":false,"_monsterinsights_sitenote_active":false,"_monsterinsights_sitenote_note":"","_monsterinsights_sitenote_category":0,"_uf_show_specific_survey":0,"_uf_disable_surveys":false,"footnotes":""},"categories":[129,802,9],"tags":[88],"class_list":["post-19712","post","type-post","status-publish","format-standard","has-post-thumbnail","hentry","category-estudiantes","category-novedades-internacional","category-tablon-anuncios","tag-internacional"],"aioseo_notices":[],"_links":{"self":[{"href":"https:\/\/web.montes.upm.es\/index.php?rest_route=\/wp\/v2\/posts\/19712","targetHints":{"allow":["GET"]}}],"collection":[{"href":"https:\/\/web.montes.upm.es\/index.php?rest_route=\/wp\/v2\/posts"}],"about":[{"href":"https:\/\/web.montes.upm.es\/index.php?rest_route=\/wp\/v2\/types\/post"}],"author":[{"embeddable":true,"href":"https:\/\/web.montes.upm.es\/index.php?rest_route=\/wp\/v2\/users\/30"}],"replies":[{"embeddable":true,"href":"https:\/\/web.montes.upm.es\/index.php?rest_route=%2Fwp%2Fv2%2Fcomments&post=19712"}],"version-history":[{"count":10,"href":"https:\/\/web.montes.upm.es\/index.php?rest_route=\/wp\/v2\/posts\/19712\/revisions"}],"predecessor-version":[{"id":19723,"href":"https:\/\/web.montes.upm.es\/index.php?rest_route=\/wp\/v2\/posts\/19712\/revisions\/19723"}],"wp:featuredmedia":[{"embeddable":true,"href":"https:\/\/web.montes.upm.es\/index.php?rest_route=\/wp\/v2\/media\/18345"}],"wp:attachment":[{"href":"https:\/\/web.montes.upm.es\/index.php?rest_route=%2Fwp%2Fv2%2Fmedia&parent=19712"}],"wp:term":[{"taxonomy":"category","embeddable":true,"href":"https:\/\/web.montes.upm.es\/index.php?rest_route=%2Fwp%2Fv2%2Fcategories&post=19712"},{"taxonomy":"post_tag","embeddable":true,"href":"https:\/\/web.montes.upm.es\/index.php?rest_route=%2Fwp%2Fv2%2Ftags&post=19712"}],"curies":[{"name":"wp","href":"https:\/\/api.w.org\/{rel}","templated":true}]}}