{"id":19358,"date":"2026-03-03T13:15:24","date_gmt":"2026-03-03T11:15:24","guid":{"rendered":"https:\/\/web.montes.upm.es\/?p=19358"},"modified":"2026-03-17T12:42:49","modified_gmt":"2026-03-17T10:42:49","slug":"%f0%9f%8e%afprograma-de-mentoria-avanzada-2026%f0%9f%8c%b2","status":"publish","type":"post","link":"https:\/\/web.montes.upm.es\/?p=19358","title":{"rendered":"\ud83c\udfafPROGRAMA DE MENTOR\u00cdA AVANZADA 2026\ud83c\udf32"},"content":{"rendered":"\n<p><strong>FORMANDO L\u00cdDERES QUE DEJAN HUELLA<\/strong><br>Programa de Mentor\u00eda Avanzada 2026 \u00b7 1,5 ECTS reconocidos<\/p>\n\n\n\n<p>El Programa de Mentor\u00eda Avanzada 2026 es una iniciativa impulsada por la Delegaci\u00f3n de Alumnos, en colaboraci\u00f3n con el Centro de Liderazgo y Tecnol\u00f3gico (CLyT) de la UPM y la Subdirecci\u00f3n de Estudiantes, Extensi\u00f3n Universitaria y Empleo.<\/p>\n\n\n\n<p>Nace con un prop\u00f3sito claro: <strong>fortalecer y profesionalizar el actual Programa de Mentores de la Escuela<\/strong>, dotando a los estudiantes veteranos de herramientas reales para ejercer el acompa\u00f1amiento de manera estructurada, consciente y eficaz.<\/p>\n\n\n\n<p>No se trata de crear un programa paralelo, sino de elevar la calidad del ya existente, transformando la mentor\u00eda en una experiencia formativa integral.<\/p>\n\n\n\n<p>Las sesiones ser\u00e1n de 16:00h a 19:00h en el espacio de TreeNova (4\u00ba planta Edif. B)<\/p>\n\n\n\n<h3 class=\"wp-block-heading\">\ud83c\udfaf Objetivo del programa<\/h3>\n\n\n\n<p>El programa persigue un doble impacto:<\/p>\n\n\n\n<h4 class=\"wp-block-heading\">1\ufe0f\u20e3 En el mentor veterano<\/h4>\n\n\n\n<ul class=\"wp-block-list\">\n<li>Desarrollo de liderazgo personal.<\/li>\n\n\n\n<li>Mejora de habilidades comunicativas.<\/li>\n\n\n\n<li>Gesti\u00f3n emocional aplicada al acompa\u00f1amiento.<\/li>\n\n\n\n<li>Reflexi\u00f3n sobre responsabilidad y cultura institucional.<\/li>\n\n\n\n<li>Experiencia formativa reconocida acad\u00e9micamente.<\/li>\n<\/ul>\n\n\n\n<h4 class=\"wp-block-heading\">2\ufe0f\u20e3 En el estudiante de nuevo ingreso<\/h4>\n\n\n\n<ul class=\"wp-block-list\">\n<li>Acompa\u00f1amiento m\u00e1s s\u00f3lido y coherente.<\/li>\n\n\n\n<li>Mayor integraci\u00f3n en la Escuela.<\/li>\n\n\n\n<li>Referentes preparados y alineados.<\/li>\n\n\n\n<li>Mejora del proceso de acogida.<\/li>\n<\/ul>\n\n\n\n<h3 class=\"wp-block-heading\">\ud83c\udfaf \u00bfQu\u00e9 se trabaja en el programa?<\/h3>\n\n\n\n<p>El itinerario se desarrolla entre marzo y noviembre y consta de seis sesiones:<\/p>\n\n\n\n<h4 class=\"wp-block-heading\">S0 \u2013 Alineaci\u00f3n inicial <strong>&#8211; Mi\u00e9rcoles 18\/03<\/strong><\/h4>\n\n\n\n<p>Se presenta el programa, se define el rol del mentor y sus responsabilidades, y se trabajan din\u00e1micas de cohesi\u00f3n para generar compromiso y sentido de equipo.<\/p>\n\n\n\n<h4 class=\"wp-block-heading\">S1 \u2013 Autoliderazgo <strong>&#8211; Martes 14\/04<\/strong><\/h4>\n\n\n\n<p>Se profundiza en el autoconocimiento, la gesti\u00f3n emocional y la toma de decisiones responsable, aplicadas al acompa\u00f1amiento de otros estudiantes.<\/p>\n\n\n\n<h4 class=\"wp-block-heading\">S2 \u2013 Comunicaci\u00f3n y acompa\u00f1amiento <strong>&#8211; Martes 28\/04<\/strong><\/h4>\n\n\n\n<p>Se entrenan habilidades de escucha activa, comunicaci\u00f3n asertiva, resoluci\u00f3n de conflictos y dinamizaci\u00f3n de grupos mediante casos pr\u00e1cticos.<\/p>\n\n\n\n<h4 class=\"wp-block-heading\">S3 \u2013 Conoce la UPM <strong>&#8211; Martes 12\/05<\/strong><\/h4>\n\n\n\n<p>Encuentro con alumni y perfiles profesionales para ampliar la visi\u00f3n acad\u00e9mica y ayudar al mentor a orientar mejor a los nuevos estudiantes.<\/p>\n\n\n\n<h4 class=\"wp-block-heading\">S4 \u2013 Plan de acci\u00f3n <strong>&#8211; Jueves 14\/05<\/strong><\/h4>\n\n\n\n<p>Cada participante dise\u00f1a su propio plan de actuaci\u00f3n como mentor, definiendo objetivos y compromisos concretos.<\/p>\n\n\n\n<h4 class=\"wp-block-heading\">S5 \u2013 Reminder &amp; Evaluaci\u00f3n (noviembre)<\/h4>\n\n\n\n<p>Tras la Jornada de Bienvenida, se analiza la experiencia real, se comparten aprendizajes y se ajusta el acompa\u00f1amiento durante el curso.<\/p>\n\n\n\n<h2 class=\"wp-block-heading\">\ud83e\udde0 \u00bfC\u00f3mo se desarrolla?<\/h2>\n\n\n\n<p>El programa combina formaci\u00f3n participativa en grupos reducidos, aplicaci\u00f3n pr\u00e1ctica en la Jornada de Bienvenida y una sesi\u00f3n final de mejora continua.<\/p>\n\n\n\n<p>No es una charla puntual, sino un proceso estructurado.<\/p>\n\n\n\n<h2 class=\"wp-block-heading\">\ud83d\udcc5 Convocatoria<\/h2>\n\n\n\n<ul class=\"wp-block-list\">\n<li>Inscripciones: del 3 de marzo al 12 de marzo<\/li>\n\n\n\n<li>Publicaci\u00f3n de seleccionados: 13 de marzo<\/li>\n\n\n\n<li>Plazas limitadas \u00b7 Proyecto piloto<\/li>\n<\/ul>\n\n\n\n<p class=\"has-text-align-center\"><strong><a href=\"https:\/\/forms.office.com\/e\/f7gaq8wpfa\" target=\"_blank\" rel=\"noopener\" title=\"INSCRIPCIONES\"><mark class=\"has-inline-color has-vivid-red-color\">INSCRIPCIONES<\/mark><\/a><\/strong><\/p>\n\n\n\n<p>Ser mentor no es solo acompa\u00f1ar el primer d\u00eda.<br>Es liderar con responsabilidad.<\/p>\n\n\n\n<p><\/p>\n","protected":false},"excerpt":{"rendered":"<p>FORMANDO L\u00cdDERES QUE DEJAN HUELLAPrograma de Mentor\u00eda Avanzada 2026 \u00b7 1,5 ECTS reconocidos El Programa de Mentor\u00eda Avanzada 2026 es una iniciativa impulsada por la Delegaci\u00f3n de Alumnos, en colaboraci\u00f3n con el Centro de Liderazgo y Tecnol\u00f3gico (CLyT) de la UPM y la Subdirecci\u00f3n de Estudiantes, Extensi\u00f3n Universitaria y Empleo. Nace con un prop\u00f3sito claro: [&hellip;]<\/p>\n","protected":false},"author":11,"featured_media":0,"comment_status":"closed","ping_status":"open","sticky":false,"template":"","format":"standard","meta":{"_monsterinsights_skip_tracking":false,"_monsterinsights_sitenote_active":false,"_monsterinsights_sitenote_note":"","_monsterinsights_sitenote_category":0,"_uf_show_specific_survey":0,"_uf_disable_surveys":false,"footnotes":""},"categories":[1],"tags":[],"class_list":["post-19358","post","type-post","status-publish","format-standard","hentry","category-uncategorized"],"aioseo_notices":[],"_links":{"self":[{"href":"https:\/\/web.montes.upm.es\/index.php?rest_route=\/wp\/v2\/posts\/19358","targetHints":{"allow":["GET"]}}],"collection":[{"href":"https:\/\/web.montes.upm.es\/index.php?rest_route=\/wp\/v2\/posts"}],"about":[{"href":"https:\/\/web.montes.upm.es\/index.php?rest_route=\/wp\/v2\/types\/post"}],"author":[{"embeddable":true,"href":"https:\/\/web.montes.upm.es\/index.php?rest_route=\/wp\/v2\/users\/11"}],"replies":[{"embeddable":true,"href":"https:\/\/web.montes.upm.es\/index.php?rest_route=%2Fwp%2Fv2%2Fcomments&post=19358"}],"version-history":[{"count":4,"href":"https:\/\/web.montes.upm.es\/index.php?rest_route=\/wp\/v2\/posts\/19358\/revisions"}],"predecessor-version":[{"id":20717,"href":"https:\/\/web.montes.upm.es\/index.php?rest_route=\/wp\/v2\/posts\/19358\/revisions\/20717"}],"wp:attachment":[{"href":"https:\/\/web.montes.upm.es\/index.php?rest_route=%2Fwp%2Fv2%2Fmedia&parent=19358"}],"wp:term":[{"taxonomy":"category","embeddable":true,"href":"https:\/\/web.montes.upm.es\/index.php?rest_route=%2Fwp%2Fv2%2Fcategories&post=19358"},{"taxonomy":"post_tag","embeddable":true,"href":"https:\/\/web.montes.upm.es\/index.php?rest_route=%2Fwp%2Fv2%2Ftags&post=19358"}],"curies":[{"name":"wp","href":"https:\/\/api.w.org\/{rel}","templated":true}]}}