{"id":17262,"date":"2025-12-09T14:21:30","date_gmt":"2025-12-09T12:21:30","guid":{"rendered":"https:\/\/web.montes.upm.es\/?p=17262"},"modified":"2025-12-09T14:21:31","modified_gmt":"2025-12-09T12:21:31","slug":"convocatoria-de-becas-para-el-programa-de-emprendimiento-plazo-de-solicitud-hasta-el-30-de-enero-de-2026","status":"publish","type":"post","link":"https:\/\/web.montes.upm.es\/?p=17262","title":{"rendered":"Convocatoria de Becas para el Programa de Emprendimiento &#8211; Plazo de solicitud hasta el 30 de enero de 2026"},"content":{"rendered":"\n<p>RESOLUCION RECTORAL DE 5 DE DICIEMBRE DE 2025 POR LA QUE SE PUBLICA LA CONVOCATORIA DE BECAS PARA EL PROGRAMA DE EMPRENDIMIENTO DE LA UPM EN CHINA DURANTE EL A\u00d1O ACAD\u00c9MICO 2026-2027.<\/p>\n\n\n\n<p><strong><a href=\"https:\/\/www.upm.es\/gsfs\/SFS42076\" title=\"\">M\u00e1s informaci\u00f3n&#8230;<\/a><\/strong><\/p>\n\n\n\n<p><\/p>\n","protected":false},"excerpt":{"rendered":"<p>RESOLUCION RECTORAL DE 5 DE DICIEMBRE DE 2025 POR LA QUE SE PUBLICA LA CONVOCATORIA DE BECAS PARA EL PROGRAMA DE EMPRENDIMIENTO DE LA UPM EN CHINA DURANTE EL A\u00d1O ACAD\u00c9MICO 2026-2027. M\u00e1s informaci\u00f3n&#8230;<\/p>\n","protected":false},"author":4,"featured_media":12510,"comment_status":"closed","ping_status":"open","sticky":false,"template":"","format":"standard","meta":{"_monsterinsights_skip_tracking":false,"_monsterinsights_sitenote_active":false,"_monsterinsights_sitenote_note":"","_monsterinsights_sitenote_category":0,"_uf_show_specific_survey":0,"_uf_disable_surveys":false,"footnotes":""},"categories":[129,9],"tags":[728,290,16,75,15,20,21],"class_list":["post-17262","post","type-post","status-publish","format-standard","has-post-thumbnail","hentry","category-estudiantes","category-tablon-anuncios","tag-beca","tag-emprendimiento","tag-escuela-tecnica-superior-de-ingenieria-de-montes","tag-estudiantes","tag-etsimfmn","tag-universidad-politecnica-de-madrid","tag-upm"],"aioseo_notices":[],"_links":{"self":[{"href":"https:\/\/web.montes.upm.es\/index.php?rest_route=\/wp\/v2\/posts\/17262","targetHints":{"allow":["GET"]}}],"collection":[{"href":"https:\/\/web.montes.upm.es\/index.php?rest_route=\/wp\/v2\/posts"}],"about":[{"href":"https:\/\/web.montes.upm.es\/index.php?rest_route=\/wp\/v2\/types\/post"}],"author":[{"embeddable":true,"href":"https:\/\/web.montes.upm.es\/index.php?rest_route=\/wp\/v2\/users\/4"}],"replies":[{"embeddable":true,"href":"https:\/\/web.montes.upm.es\/index.php?rest_route=%2Fwp%2Fv2%2Fcomments&post=17262"}],"version-history":[{"count":1,"href":"https:\/\/web.montes.upm.es\/index.php?rest_route=\/wp\/v2\/posts\/17262\/revisions"}],"predecessor-version":[{"id":17263,"href":"https:\/\/web.montes.upm.es\/index.php?rest_route=\/wp\/v2\/posts\/17262\/revisions\/17263"}],"wp:featuredmedia":[{"embeddable":true,"href":"https:\/\/web.montes.upm.es\/index.php?rest_route=\/wp\/v2\/media\/12510"}],"wp:attachment":[{"href":"https:\/\/web.montes.upm.es\/index.php?rest_route=%2Fwp%2Fv2%2Fmedia&parent=17262"}],"wp:term":[{"taxonomy":"category","embeddable":true,"href":"https:\/\/web.montes.upm.es\/index.php?rest_route=%2Fwp%2Fv2%2Fcategories&post=17262"},{"taxonomy":"post_tag","embeddable":true,"href":"https:\/\/web.montes.upm.es\/index.php?rest_route=%2Fwp%2Fv2%2Ftags&post=17262"}],"curies":[{"name":"wp","href":"https:\/\/api.w.org\/{rel}","templated":true}]}}