{"id":17138,"date":"2025-12-02T11:20:19","date_gmt":"2025-12-02T09:20:19","guid":{"rendered":"https:\/\/web.montes.upm.es\/?p=17138"},"modified":"2025-12-03T17:56:10","modified_gmt":"2025-12-03T15:56:10","slug":"i-jornada-nacional-de-asesoramiento-forestal-10-dic-25","status":"publish","type":"post","link":"https:\/\/web.montes.upm.es\/?p=17138","title":{"rendered":"I Jornada Nacional de Asesoramiento Forestal, 10-dic. 11:00h"},"content":{"rendered":"\n<p>Programa definitivo de la Primera Jornada Nacional de Asesoramiento Forestal, que se celebrar\u00e1 el pr\u00f3ximo mi\u00e9rcoles 10 de diciembre en Madrid, en la sala 7A de la Direcci\u00f3n General de Desarrollo Rural, del Ministerio de Agricultura, Pesca y Alimentaci\u00f3n.<\/p>\n\n\n\n<p><strong>Lugar<\/strong>:&nbsp;&nbsp;&nbsp;&nbsp;<strong>Gran V\u00eda de San Francisco, 4-6. Sept. planta &#8211;&nbsp;Sala 7A<\/strong><\/p>\n\n\n\n<p><strong>Fecha<\/strong>: &nbsp;&nbsp; <strong>10\/12\/2025<\/strong>.<\/p>\n\n\n\n<p>Inscripciones:<strong>\u00a0\u00a0<\/strong><a href=\"https:\/\/urldefense.com\/v3\/__https:\/forms.office.com\/e\/Zdhf8ixZPT__;!!D9dNQwwGXtA!WjZF8xm0DIz6HqZfXUdg7HdJm6A8bCyiBbXnypHEcQHsQ-RQr8e32yOTl93z9vj3144GODGuYmKBVoKoS-eNroVSyZiU$\" target=\"_blank\" rel=\"noreferrer noopener\"><strong>PRIMERA\u00a0JORNADA\u00a0DE\u00a0ASESORAMIENTO\u00a0FORESTAL \u2013 Completar el formulario<\/strong><\/a><\/p>\n\n\n\n<p><strong>Tambi\u00e9n se podr\u00e1 participar\u00a0por videoconferencia<\/strong>\u00a0para quienes no consigan plaza o no pudieran desplazarse a Madrid, en el enlace:\u00a0<\/p>\n\n\n\n<p><a href=\"https:\/\/us06web.zoom.us\/j\/87141924446?pwd=BGIDWaLsihvLvb9GkYfkk2bOzLX51u.1\">https:\/\/us06web.zoom.us\/j\/87141924446?pwd=BGIDWaLsihvLvb9GkYfkk2bOzLX51u.1<\/a><\/p>\n\n\n\n<p><\/p>\n","protected":false},"excerpt":{"rendered":"<p>Programa definitivo de la Primera Jornada Nacional de Asesoramiento Forestal, que se celebrar\u00e1 el pr\u00f3ximo mi\u00e9rcoles 10 de diciembre en Madrid, en la sala 7A de la Direcci\u00f3n General de Desarrollo Rural, del Ministerio de Agricultura, Pesca y Alimentaci\u00f3n. Lugar:&nbsp;&nbsp;&nbsp;&nbsp;Gran V\u00eda de San Francisco, 4-6. Sept. planta &#8211;&nbsp;Sala 7A Fecha: &nbsp;&nbsp; 10\/12\/2025. Inscripciones:\u00a0\u00a0PRIMERA\u00a0JORNADA\u00a0DE\u00a0ASESORAMIENTO\u00a0FORESTAL \u2013 Completar [&hellip;]<\/p>\n","protected":false},"author":4,"featured_media":17140,"comment_status":"closed","ping_status":"open","sticky":false,"template":"","format":"standard","meta":{"_monsterinsights_skip_tracking":false,"_monsterinsights_sitenote_active":false,"_monsterinsights_sitenote_note":"","_monsterinsights_sitenote_category":0,"_uf_show_specific_survey":0,"_uf_disable_surveys":false,"footnotes":""},"categories":[9,1],"tags":[16,15,22],"class_list":["post-17138","post","type-post","status-publish","format-standard","has-post-thumbnail","hentry","category-tablon-anuncios","category-uncategorized","tag-escuela-tecnica-superior-de-ingenieria-de-montes","tag-etsimfmn","tag-forestal"],"aioseo_notices":[],"_links":{"self":[{"href":"https:\/\/web.montes.upm.es\/index.php?rest_route=\/wp\/v2\/posts\/17138","targetHints":{"allow":["GET"]}}],"collection":[{"href":"https:\/\/web.montes.upm.es\/index.php?rest_route=\/wp\/v2\/posts"}],"about":[{"href":"https:\/\/web.montes.upm.es\/index.php?rest_route=\/wp\/v2\/types\/post"}],"author":[{"embeddable":true,"href":"https:\/\/web.montes.upm.es\/index.php?rest_route=\/wp\/v2\/users\/4"}],"replies":[{"embeddable":true,"href":"https:\/\/web.montes.upm.es\/index.php?rest_route=%2Fwp%2Fv2%2Fcomments&post=17138"}],"version-history":[{"count":4,"href":"https:\/\/web.montes.upm.es\/index.php?rest_route=\/wp\/v2\/posts\/17138\/revisions"}],"predecessor-version":[{"id":17147,"href":"https:\/\/web.montes.upm.es\/index.php?rest_route=\/wp\/v2\/posts\/17138\/revisions\/17147"}],"wp:featuredmedia":[{"embeddable":true,"href":"https:\/\/web.montes.upm.es\/index.php?rest_route=\/wp\/v2\/media\/17140"}],"wp:attachment":[{"href":"https:\/\/web.montes.upm.es\/index.php?rest_route=%2Fwp%2Fv2%2Fmedia&parent=17138"}],"wp:term":[{"taxonomy":"category","embeddable":true,"href":"https:\/\/web.montes.upm.es\/index.php?rest_route=%2Fwp%2Fv2%2Fcategories&post=17138"},{"taxonomy":"post_tag","embeddable":true,"href":"https:\/\/web.montes.upm.es\/index.php?rest_route=%2Fwp%2Fv2%2Ftags&post=17138"}],"curies":[{"name":"wp","href":"https:\/\/api.w.org\/{rel}","templated":true}]}}