{"id":17107,"date":"2025-11-28T09:43:16","date_gmt":"2025-11-28T07:43:16","guid":{"rendered":"https:\/\/web.montes.upm.es\/?p=17107"},"modified":"2025-12-03T17:54:15","modified_gmt":"2025-12-03T15:54:15","slug":"gymkana-forestal-14-noviembre-de-2025","status":"publish","type":"post","link":"https:\/\/web.montes.upm.es\/?p=17107","title":{"rendered":"Gymkana forestal, 14-nov. 2025"},"content":{"rendered":"\n<p class=\"has-text-align-center\"><strong>\u201cEl secreto del arboreto\u201d<\/strong><\/p>\n\n\n\n<p>Este pasado 14 de noviembre volvimos a participar en la Semana de Ciencia UPM con la organizaci\u00f3n de la gymkana forestal \u201cEl secreto del arboreto\u201d (\u00a1un a\u00f1o m\u00e1s!, y van cuatro!). Este a\u00f1o hemos ampliado la oferta de actividades y han sido 11 \u201cestaciones\u201d, repartidas por el arboreto y en el interior de la Escuela (estuvo lloviendo todo el d\u00eda y no quer\u00edamos arriesgarnos a suspender la actividad).<\/p>\n\n\n\n<p>La gymkana es una forma magn\u00edfica de recorrer nuestras instalaciones, descubrir algunas joyas (especies singulares del arboreto, la piscifactor\u00eda, el herbario EMMA, el museo de zoolog\u00eda ib\u00e9rica, etc.) y escuchar a algunos de nuestros investigadores trasmitiendo su pasi\u00f3n por la ciencia forestal y las variadas l\u00edneas de trabajo que se desarrollan en el centro.<\/p>\n\n\n\n<p>Aqu\u00ed pod\u00e9is ver toda la informaci\u00f3n sobre las pruebas de la gymkana y algunas de las l\u00edneas de investigaci\u00f3n de la ETSI Montes, Forestal y del Medio Natural:<\/p>\n\n\n\n<p><a href=\"https:\/\/web.montes.upm.es\/wp-content\/uploads\/2024\/11\/pruebas_GYMKANA_FORESTAL-nov25.pdf\">pruebas_GYMKANA_FORESTAL-nov25.pdf<\/a><\/p>\n\n\n\n<p>El p\u00fablico asistente a la gymkana es muy variado. En esta ocasi\u00f3n hemos contado con la visita de un grupo de estudiantes que se est\u00e1n preparando para ser educadores ambientales y que pasaron un buen rato aprendiendo sobre la ciencia forestal y de la din\u00e1mica de las pruebas. Nos han prometido volver, una vez que han descubierto que pueden hacer visitas guiadas por las colecciones, o venir a disfrutar por libre de las formaciones y especies presentes en el arboreto.<\/p>\n\n\n\n<p>Hubo premios a los ganadores, que superaron las 11 pruebas en el l\u00edmite establecido de tiempo, y todos los participantes aprovecharon el photocall que les preparamos con algunos materiales y equipos singulares (\u00bfqui\u00e9n no quiere hacerse una foto con una motosierra?) y de llevarse una planta preparada para repoblar sus parques o terrazas.<\/p>\n\n\n\n<p>Ya estamos preparando la siguiente edici\u00f3n de la gymkana\u2026 La pr\u00f3xima cita ser\u00e1 en la Semana Forestal 2026 que este a\u00f1o coincidir\u00e1 con la semana UPM-Conecta, as\u00ed que esperamos que participen muchos de nuestros compa\u00f1eros de universidad y descubran el singular tesoro que tenemos en nuestra escuela.<\/p>\n\n\n\n<p><\/p>\n","protected":false},"excerpt":{"rendered":"<p>\u201cEl secreto del arboreto\u201d Este pasado 14 de noviembre volvimos a participar en la Semana de Ciencia UPM con la organizaci\u00f3n de la gymkana forestal \u201cEl secreto del arboreto\u201d (\u00a1un a\u00f1o m\u00e1s!, y van cuatro!). Este a\u00f1o hemos ampliado la oferta de actividades y han sido 11 \u201cestaciones\u201d, repartidas por el arboreto y en el [&hellip;]<\/p>\n","protected":false},"author":4,"featured_media":17109,"comment_status":"closed","ping_status":"open","sticky":false,"template":"","format":"standard","meta":{"_monsterinsights_skip_tracking":false,"_monsterinsights_sitenote_active":false,"_monsterinsights_sitenote_note":"","_monsterinsights_sitenote_category":0,"_uf_show_specific_survey":0,"_uf_disable_surveys":false,"footnotes":""},"categories":[4,81,9],"tags":[16,75,15,22,709,20,21],"class_list":["post-17107","post","type-post","status-publish","format-standard","has-post-thumbnail","hentry","category-noticias","category-protagonistas","category-tablon-anuncios","tag-escuela-tecnica-superior-de-ingenieria-de-montes","tag-estudiantes","tag-etsimfmn","tag-forestal","tag-gymkana-forestal","tag-universidad-politecnica-de-madrid","tag-upm"],"aioseo_notices":[],"_links":{"self":[{"href":"https:\/\/web.montes.upm.es\/index.php?rest_route=\/wp\/v2\/posts\/17107","targetHints":{"allow":["GET"]}}],"collection":[{"href":"https:\/\/web.montes.upm.es\/index.php?rest_route=\/wp\/v2\/posts"}],"about":[{"href":"https:\/\/web.montes.upm.es\/index.php?rest_route=\/wp\/v2\/types\/post"}],"author":[{"embeddable":true,"href":"https:\/\/web.montes.upm.es\/index.php?rest_route=\/wp\/v2\/users\/4"}],"replies":[{"embeddable":true,"href":"https:\/\/web.montes.upm.es\/index.php?rest_route=%2Fwp%2Fv2%2Fcomments&post=17107"}],"version-history":[{"count":3,"href":"https:\/\/web.montes.upm.es\/index.php?rest_route=\/wp\/v2\/posts\/17107\/revisions"}],"predecessor-version":[{"id":17145,"href":"https:\/\/web.montes.upm.es\/index.php?rest_route=\/wp\/v2\/posts\/17107\/revisions\/17145"}],"wp:featuredmedia":[{"embeddable":true,"href":"https:\/\/web.montes.upm.es\/index.php?rest_route=\/wp\/v2\/media\/17109"}],"wp:attachment":[{"href":"https:\/\/web.montes.upm.es\/index.php?rest_route=%2Fwp%2Fv2%2Fmedia&parent=17107"}],"wp:term":[{"taxonomy":"category","embeddable":true,"href":"https:\/\/web.montes.upm.es\/index.php?rest_route=%2Fwp%2Fv2%2Fcategories&post=17107"},{"taxonomy":"post_tag","embeddable":true,"href":"https:\/\/web.montes.upm.es\/index.php?rest_route=%2Fwp%2Fv2%2Ftags&post=17107"}],"curies":[{"name":"wp","href":"https:\/\/api.w.org\/{rel}","templated":true}]}}