{"id":17068,"date":"2025-11-25T14:59:24","date_gmt":"2025-11-25T12:59:24","guid":{"rendered":"https:\/\/web.montes.upm.es\/?p=17068"},"modified":"2025-12-03T17:56:55","modified_gmt":"2025-12-03T15:56:55","slug":"el-futuro-del-consumo-economia-circular-y-consumo-sostenible-27-de-noviembre-de-2025","status":"publish","type":"post","link":"https:\/\/web.montes.upm.es\/?p=17068","title":{"rendered":"&#8220;El Futuro del Consumo. Econom\u00eda Circular y Consumo Sostenible&#8221;, 27-nov. 10:00 a 17:30h"},"content":{"rendered":"\n<p>La ETSI Montes, Forestal y del Medio Natural acoge el debate clave sobre el Futuro del Consumo<br><br>Como centro l\u00edder en la Transici\u00f3n Ecol\u00f3gica y la Bioeconom\u00eda, la ETSI de Montes, Forestal y del Medio Natural de la UPM tiene el honor de ser la anfitriona de la jornada &#8220;The Future of Consumption: Circular Economy and Sustainable Consumption&#8221;.<br><br>Este evento, organizado por Embajadores del Pacto Clim\u00e1tico de la UE en colaboraci\u00f3n con TreeNNOVA&nbsp; es una plataforma esencial para que nuestra comunidad acad\u00e9mica\u2014alumnado y profesorado\u2014conecte la investigaci\u00f3n europea directamente con la acci\u00f3n local.<br><br>Oportunidad para la comunidad universitaria:<\/p>\n\n\n\n<ul class=\"wp-block-list\">\n<li>Profesorado e Investigadores: Acceso a mesas redondas que abordan la urgencia de migrar a modelos circulares. Un espacio para el _networking con expertos en sostenibilidad y el sector p\u00fablico.<br>&nbsp;<\/li>\n\n\n\n<li>Alumnado (Especialmente Ingenier\u00eda y Medio Ambiente): Participaci\u00f3n directa en el debate sobre &#8220;La juventud como motor del cambio&#8221;. Es una oportunidad \u00fanica para movilizarse, adquirir conocimientos pr\u00e1cticos y reforzar el compromiso con la acci\u00f3n clim\u00e1tica.<br><\/li>\n\n\n\n<li>\ud83d\udccd D\u00f3nde: Sal\u00f3n de Actos de la ETSI Montes (UPM) y en formato Online. <\/li>\n\n\n\n<li>\ud83d\udcc5 Cu\u00e1ndo: 27de noviembre de 2025 (10:00 a 17:30 CET).<br><br><br>\ud83d\udd17 Inscripci\u00f3n gratuita:<br><a href=\"https:\/\/ec.europa.eu\/eusurvey\/runner\/elfuturodelconsumo\">https:\/\/ec.europa.eu\/eusurvey\/runner\/elfuturodelconsumo<\/a><\/li>\n<\/ul>\n\n\n\n<figure class=\"wp-block-image aligncenter size-large\"><img fetchpriority=\"high\" decoding=\"async\" width=\"725\" height=\"1024\" src=\"https:\/\/web.montes.upm.es\/wp-content\/uploads\/2025\/11\/Escaleta-1-725x1024.jpg\" alt=\"\" class=\"wp-image-17069\" srcset=\"https:\/\/web.montes.upm.es\/wp-content\/uploads\/2025\/11\/Escaleta-1-725x1024.jpg 725w, https:\/\/web.montes.upm.es\/wp-content\/uploads\/2025\/11\/Escaleta-1-212x300.jpg 212w, https:\/\/web.montes.upm.es\/wp-content\/uploads\/2025\/11\/Escaleta-1-768x1085.jpg 768w, https:\/\/web.montes.upm.es\/wp-content\/uploads\/2025\/11\/Escaleta-1-1087x1536.jpg 1087w, https:\/\/web.montes.upm.es\/wp-content\/uploads\/2025\/11\/Escaleta-1.jpg 1123w\" sizes=\"(max-width: 725px) 100vw, 725px\" \/><\/figure>\n","protected":false},"excerpt":{"rendered":"<p>La ETSI Montes, Forestal y del Medio Natural acoge el debate clave sobre el Futuro del Consumo Como centro l\u00edder en la Transici\u00f3n Ecol\u00f3gica y la Bioeconom\u00eda, la ETSI de Montes, Forestal y del Medio Natural de la UPM tiene el honor de ser la anfitriona de la jornada &#8220;The Future of Consumption: Circular Economy [&hellip;]<\/p>\n","protected":false},"author":4,"featured_media":0,"comment_status":"closed","ping_status":"open","sticky":false,"template":"","format":"standard","meta":{"_monsterinsights_skip_tracking":false,"_monsterinsights_sitenote_active":false,"_monsterinsights_sitenote_note":"","_monsterinsights_sitenote_category":0,"_uf_show_specific_survey":0,"_uf_disable_surveys":false,"footnotes":""},"categories":[9],"tags":[796,37,16,75,15,20,21],"class_list":["post-17068","post","type-post","status-publish","format-standard","hentry","category-tablon-anuncios","tag-consumo-sostenible","tag-economia-circular","tag-escuela-tecnica-superior-de-ingenieria-de-montes","tag-estudiantes","tag-etsimfmn","tag-universidad-politecnica-de-madrid","tag-upm"],"aioseo_notices":[],"_links":{"self":[{"href":"https:\/\/web.montes.upm.es\/index.php?rest_route=\/wp\/v2\/posts\/17068","targetHints":{"allow":["GET"]}}],"collection":[{"href":"https:\/\/web.montes.upm.es\/index.php?rest_route=\/wp\/v2\/posts"}],"about":[{"href":"https:\/\/web.montes.upm.es\/index.php?rest_route=\/wp\/v2\/types\/post"}],"author":[{"embeddable":true,"href":"https:\/\/web.montes.upm.es\/index.php?rest_route=\/wp\/v2\/users\/4"}],"replies":[{"embeddable":true,"href":"https:\/\/web.montes.upm.es\/index.php?rest_route=%2Fwp%2Fv2%2Fcomments&post=17068"}],"version-history":[{"count":4,"href":"https:\/\/web.montes.upm.es\/index.php?rest_route=\/wp\/v2\/posts\/17068\/revisions"}],"predecessor-version":[{"id":17148,"href":"https:\/\/web.montes.upm.es\/index.php?rest_route=\/wp\/v2\/posts\/17068\/revisions\/17148"}],"wp:attachment":[{"href":"https:\/\/web.montes.upm.es\/index.php?rest_route=%2Fwp%2Fv2%2Fmedia&parent=17068"}],"wp:term":[{"taxonomy":"category","embeddable":true,"href":"https:\/\/web.montes.upm.es\/index.php?rest_route=%2Fwp%2Fv2%2Fcategories&post=17068"},{"taxonomy":"post_tag","embeddable":true,"href":"https:\/\/web.montes.upm.es\/index.php?rest_route=%2Fwp%2Fv2%2Ftags&post=17068"}],"curies":[{"name":"wp","href":"https:\/\/api.w.org\/{rel}","templated":true}]}}