{"id":17055,"date":"2025-11-24T10:37:39","date_gmt":"2025-11-24T08:37:39","guid":{"rendered":"https:\/\/web.montes.upm.es\/?p=17055"},"modified":"2025-11-24T10:37:40","modified_gmt":"2025-11-24T08:37:40","slug":"buscan-voluntarios-para-el-v-congreso-estatal-de-estudiantes-de-biociencias-ceebi","status":"publish","type":"post","link":"https:\/\/web.montes.upm.es\/?p=17055","title":{"rendered":"Buscan voluntarios para el V Congreso Estatal de Estudiantes de Biociencias (CEEBI)"},"content":{"rendered":"\n<p>El CEEBI es un evento multitudinario anual que re\u00fane a cientos de estudiantes del \u00e1mbito de las biociencias. Este est\u00e1 dirigido a estudiantes y organizado por estudiantes de la Universidad de Granada. En esta ocasi\u00f3n, se celebrar\u00e1 la V edici\u00f3n y esta se desarrollar\u00e1 del <strong>14 al 17 de julio de 2026 en la Universidad de Granada<\/strong>.<\/p>\n\n\n\n<p>Adem\u00e1s, toda la informaci\u00f3n del congreso as\u00ed como las novedades podr\u00e1n encontrarla en su p\u00e1gina web (<a href=\"https:\/\/urldefense.com\/v3\/__https:\/\/biociencias.es\/__;!!D9dNQwwGXtA!QRKEjO5ji6OSQ6bWkKHEL2JWT7zMrZQteZJNLpxM53kPiXRLAX0EjtgnS6-6CQwB3J0dzJ3qE5o8h4ETWuY0NuH2$\">biociencias.es<\/a>) as\u00ed como en sus redes sociales (<a href=\"https:\/\/urldefense.com\/v3\/__https:\/\/linktr.ee\/biocienciasgrx__;!!D9dNQwwGXtA!QRKEjO5ji6OSQ6bWkKHEL2JWT7zMrZQteZJNLpxM53kPiXRLAX0EjtgnS6-6CQwB3J0dzJ3qE5o8h4ETWhBTtjJQ$\">@BiocienciasGRX<\/a>).<\/p>\n\n\n\n<p>Si te interesa puedes <strong>inscribirse como voluntarios <\/strong>al evento, puesto que recientemente han<strong> abierto una convocatoria<\/strong> para buscar voluntarios en su p\u00e1gina web <a href=\"https:\/\/urldefense.com\/v3\/__https:\/\/biociencias.es\/vountarios__;!!D9dNQwwGXtA!QRKEjO5ji6OSQ6bWkKHEL2JWT7zMrZQteZJNLpxM53kPiXRLAX0EjtgnS6-6CQwB3J0dzJ3qE5o8h4ETWo17eLnY$\">biociencias.es\/voluntarios<\/a>.<br>Si es as\u00ed, haz clic <a href=\"https:\/\/urldefense.com\/v3\/__https:\/\/biociencias.es\/voluntarios__;!!D9dNQwwGXtA!QRKEjO5ji6OSQ6bWkKHEL2JWT7zMrZQteZJNLpxM53kPiXRLAX0EjtgnS6-6CQwB3J0dzJ3qE5o8h4ETWl9K9f6g$\"><strong>aqu\u00ed<\/strong><\/a> e inscr\u00edbete.<br>\u2063\u2063<br>\ud83d\udd51 El plazo de inscripci\u00f3n se cierra el <strong>15 de enero de 2026<\/strong>.<\/p>\n","protected":false},"excerpt":{"rendered":"<p>El CEEBI es un evento multitudinario anual que re\u00fane a cientos de estudiantes del \u00e1mbito de las biociencias. Este est\u00e1 dirigido a estudiantes y organizado por estudiantes de la Universidad de Granada. En esta ocasi\u00f3n, se celebrar\u00e1 la V edici\u00f3n y esta se desarrollar\u00e1 del 14 al 17 de julio de 2026 en la Universidad [&hellip;]<\/p>\n","protected":false},"author":4,"featured_media":0,"comment_status":"closed","ping_status":"open","sticky":false,"template":"","format":"standard","meta":{"_monsterinsights_skip_tracking":false,"_monsterinsights_sitenote_active":false,"_monsterinsights_sitenote_note":"","_monsterinsights_sitenote_category":0,"_uf_show_specific_survey":0,"_uf_disable_surveys":false,"footnotes":""},"categories":[9],"tags":[308,108,75],"class_list":["post-17055","post","type-post","status-publish","format-standard","hentry","category-tablon-anuncios","tag-ceebi","tag-congreso","tag-estudiantes"],"aioseo_notices":[],"_links":{"self":[{"href":"https:\/\/web.montes.upm.es\/index.php?rest_route=\/wp\/v2\/posts\/17055","targetHints":{"allow":["GET"]}}],"collection":[{"href":"https:\/\/web.montes.upm.es\/index.php?rest_route=\/wp\/v2\/posts"}],"about":[{"href":"https:\/\/web.montes.upm.es\/index.php?rest_route=\/wp\/v2\/types\/post"}],"author":[{"embeddable":true,"href":"https:\/\/web.montes.upm.es\/index.php?rest_route=\/wp\/v2\/users\/4"}],"replies":[{"embeddable":true,"href":"https:\/\/web.montes.upm.es\/index.php?rest_route=%2Fwp%2Fv2%2Fcomments&post=17055"}],"version-history":[{"count":1,"href":"https:\/\/web.montes.upm.es\/index.php?rest_route=\/wp\/v2\/posts\/17055\/revisions"}],"predecessor-version":[{"id":17056,"href":"https:\/\/web.montes.upm.es\/index.php?rest_route=\/wp\/v2\/posts\/17055\/revisions\/17056"}],"wp:attachment":[{"href":"https:\/\/web.montes.upm.es\/index.php?rest_route=%2Fwp%2Fv2%2Fmedia&parent=17055"}],"wp:term":[{"taxonomy":"category","embeddable":true,"href":"https:\/\/web.montes.upm.es\/index.php?rest_route=%2Fwp%2Fv2%2Fcategories&post=17055"},{"taxonomy":"post_tag","embeddable":true,"href":"https:\/\/web.montes.upm.es\/index.php?rest_route=%2Fwp%2Fv2%2Ftags&post=17055"}],"curies":[{"name":"wp","href":"https:\/\/api.w.org\/{rel}","templated":true}]}}