{"id":16552,"date":"2025-11-12T09:44:47","date_gmt":"2025-11-12T07:44:47","guid":{"rendered":"https:\/\/web.montes.upm.es\/?p=16552"},"modified":"2025-11-12T09:44:48","modified_gmt":"2025-11-12T07:44:48","slug":"construir-con-madera-para-proteger-los-bosques","status":"publish","type":"post","link":"https:\/\/web.montes.upm.es\/?p=16552","title":{"rendered":"&#8220;Construir con madera para proteger los bosques&#8221;"},"content":{"rendered":"\n<p><strong>El pr\u00f3ximo 17 de noviembre de 2025 se celebra la I Jornada \u201cConstruir con madera para proteger los bosques\u201d, punto de encuentro entre el sector forestal y el de la edificaci\u00f3n<\/strong>.<\/p>\n\n\n\n<p>El sector de la construcci\u00f3n debe ser neutro en carbono en 2050, y para lograrlo, es preciso que considere la madera entre sus materiales de base junto con el hormig\u00f3n y el acero, y a su vez, industrialice sus procesos. Sin embargo, hasta la fecha, tenemos pocos ejemplos de construcciones mixtas hormig\u00f3n-madera-acero en nuestro pa\u00eds.<\/p>\n\n\n\n<p>Por su parte del sector forestal demanda y requiere abordar una gesti\u00f3n forestal sostenible que evite los Grandes Incendios Forestales (GIF), y que trascienda positivamente al territorio rural para desarrollar y potenciar aspectos no solo ambientales, sino tambi\u00e9n sociales y econ\u00f3micos en la Espa\u00f1a vaciada que precisa de una estrategia transversal largoplacista.<\/p>\n\n\n\n<p>Al construir con madera, potenciamos la industrializaci\u00f3n del sector constructor, generamos sinergias positivas en los territorios m\u00e1s despoblados como empleo, riqueza y nuevas oportunidades, adem\u00e1s de participar activamente en la descarbonizaci\u00f3n de nuestro parque inmobiliario.<\/p>\n\n\n\n<p>Entender el uso de la madera en la construcci\u00f3n, en la rehabilitaci\u00f3n, en nuestras vidas, va m\u00e1s all\u00e1 de considerar la madera como un material de construcci\u00f3n com\u00fan. La madera es el material por antonomasia, y como sector, debemos enfocar su uso desde una dimensi\u00f3n tecnol\u00f3gica, de innovaci\u00f3n y de responsabilidad socioambiental.<\/p>\n\n\n\n<p>La jornada est\u00e1 preparada para administraciones p\u00fablicas nacionales y auton\u00f3micas, empresas p\u00fablicas y privadas del sector inmobiliario, colegios oficiales, universidades, promotores, constructores, arquitectos, arquitectos t\u00e9cnicos, entidades sin \u00e1nimo de lucro, propietarios forestales, empresas tecnol\u00f3gicas de madera estructural y asociaciones profesionales del sector de la educaci\u00f3n y del forestal.<\/p>\n\n\n\n<blockquote class=\"wp-block-quote is-layout-flow wp-block-quote-is-layout-flow\">\n<p><a href=\"https:\/\/agefem.com\/2025\/10\/22\/i-jornada-construir-con-madera-para-proteger-los-bosques\/\" title=\"\">M\u00e1s informaci\u00f3n e inscripciones<\/a><\/p>\n<\/blockquote>\n\n\n\n<p><\/p>\n","protected":false},"excerpt":{"rendered":"<p>El pr\u00f3ximo 17 de noviembre de 2025 se celebra la I Jornada \u201cConstruir con madera para proteger los bosques\u201d, punto de encuentro entre el sector forestal y el de la edificaci\u00f3n. El sector de la construcci\u00f3n debe ser neutro en carbono en 2050, y para lograrlo, es preciso que considere la madera entre sus materiales [&hellip;]<\/p>\n","protected":false},"author":4,"featured_media":16553,"comment_status":"closed","ping_status":"open","sticky":false,"template":"","format":"standard","meta":{"_monsterinsights_skip_tracking":false,"_monsterinsights_sitenote_active":false,"_monsterinsights_sitenote_note":"","_monsterinsights_sitenote_category":0,"_uf_show_specific_survey":0,"_uf_disable_surveys":false,"footnotes":""},"categories":[9],"tags":[16,15,22,85],"class_list":["post-16552","post","type-post","status-publish","format-standard","has-post-thumbnail","hentry","category-tablon-anuncios","tag-escuela-tecnica-superior-de-ingenieria-de-montes","tag-etsimfmn","tag-forestal","tag-madera"],"aioseo_notices":[],"_links":{"self":[{"href":"https:\/\/web.montes.upm.es\/index.php?rest_route=\/wp\/v2\/posts\/16552","targetHints":{"allow":["GET"]}}],"collection":[{"href":"https:\/\/web.montes.upm.es\/index.php?rest_route=\/wp\/v2\/posts"}],"about":[{"href":"https:\/\/web.montes.upm.es\/index.php?rest_route=\/wp\/v2\/types\/post"}],"author":[{"embeddable":true,"href":"https:\/\/web.montes.upm.es\/index.php?rest_route=\/wp\/v2\/users\/4"}],"replies":[{"embeddable":true,"href":"https:\/\/web.montes.upm.es\/index.php?rest_route=%2Fwp%2Fv2%2Fcomments&post=16552"}],"version-history":[{"count":2,"href":"https:\/\/web.montes.upm.es\/index.php?rest_route=\/wp\/v2\/posts\/16552\/revisions"}],"predecessor-version":[{"id":16555,"href":"https:\/\/web.montes.upm.es\/index.php?rest_route=\/wp\/v2\/posts\/16552\/revisions\/16555"}],"wp:featuredmedia":[{"embeddable":true,"href":"https:\/\/web.montes.upm.es\/index.php?rest_route=\/wp\/v2\/media\/16553"}],"wp:attachment":[{"href":"https:\/\/web.montes.upm.es\/index.php?rest_route=%2Fwp%2Fv2%2Fmedia&parent=16552"}],"wp:term":[{"taxonomy":"category","embeddable":true,"href":"https:\/\/web.montes.upm.es\/index.php?rest_route=%2Fwp%2Fv2%2Fcategories&post=16552"},{"taxonomy":"post_tag","embeddable":true,"href":"https:\/\/web.montes.upm.es\/index.php?rest_route=%2Fwp%2Fv2%2Ftags&post=16552"}],"curies":[{"name":"wp","href":"https:\/\/api.w.org\/{rel}","templated":true}]}}