{"id":15951,"date":"2025-10-10T08:29:50","date_gmt":"2025-10-10T06:29:50","guid":{"rendered":"https:\/\/web.montes.upm.es\/?p=15951"},"modified":"2025-10-10T08:29:50","modified_gmt":"2025-10-10T06:29:50","slug":"la-embajada-de-colombia-en-espana-recibe-a-40-estudiantes-becados-por-icetex-y-la-fundacion-carolina","status":"publish","type":"post","link":"https:\/\/web.montes.upm.es\/?p=15951","title":{"rendered":"La Embajada de Colombia en Espa\u00f1a recibe a 40 estudiantes becados por ICETEX y la Fundaci\u00f3n Carolina"},"content":{"rendered":"\n<p><strong><em>Desde 2019, gracias a la alianza entre ICETEX y la Fundaci\u00f3n Carolina, 216 profesionales colombianos han realizados cursos de formaci\u00f3n en Espa\u00f1a. &#8220;Estos l\u00edderes representan una prescripci\u00f3n activa entre nuestras naciones, al representar los valores de la cooperaci\u00f3n educativa y proyectar el talento colombiano en escenarios internacionales&#8221;, resaltaron las autoridades colombianas.<\/em><\/strong><\/p>\n\n\n\n<p><br>Los 40 estudiantes becarios provenientes de Colombia, seleccionados en la 6.\u00aa edici\u00f3n del Programa de Becas ICETEX- Fundaci\u00f3n Carolina, avanzan en su formaci\u00f3n en Madrid, Espa\u00f1a, y disfrutan de una experiencia que combina innovaci\u00f3n social, liderazgo territorial y excelencia acad\u00e9mica.<\/p>\n\n\n\n<p>La Embajada de Colombia en Espa\u00f1a acogi\u00f3 a los 40 becarios y becarias seleccionados en la 6.\u00aa edici\u00f3n del Programa Institucional de Becas ICETEX \u2013 Fundaci\u00f3n Carolina, quienes avanzan en su formaci\u00f3n acad\u00e9mica en Madrid y viven una experiencia que articula innovaci\u00f3n social, liderazgo territorial y excelencia universitaria. En representaci\u00f3n de la <a href=\"https:\/\/www.upm.es\/\" title=\"\">UPM <\/a>estuvieron presentes Luis Salgado, vicerrector de Internacionalizaci\u00f3n, y Daphne Hermosilla, directoria de la la&nbsp;<a href=\"https:\/\/web.montes.upm.es\/\">Escuela T\u00e9cnica Superior de Ingenier\u00eda de Montes, Forestal y del Medio Natural<\/a>.<\/p>\n\n\n\n<p>El Embajador de Colombia ante el Reino de Espa\u00f1a, Excmo. Sr. Eduardo \u00c1vila Navarrete, dio la bienvenida a los asistentes y destac\u00f3 el valor de la cooperaci\u00f3n bilateral en el \u00e1mbito educativo:<\/p>\n\n\n\n<p>\u201cCada uno de ustedes trae consigo una historia, un territorio y una mirada \u00fanica. Juntos conforman un mosaico que refleja la riqueza cultural, geogr\u00e1fica y humana de Colombia. Este programa encarna el compromiso de nuestras instituciones con la igualdad de oportunidades, al garantizar que j\u00f3venes de distintas regiones y contextos puedan fortalecer su formaci\u00f3n y liderazgo territorial.\u201d<\/p>\n\n\n\n<p>La directora de la Fundaci\u00f3n Carolina, D\u00aa \u00c9rika Rodr\u00edguez Pinz\u00f3n, reiter\u00f3 el compromiso de la instituci\u00f3n con el fortalecimiento de capacidades en Am\u00e9rica Latina y el papel transformador de la educaci\u00f3n: \u201cPara nosotros, el ICETEX es un gran aliado. Esta colaboraci\u00f3n nos ha permitido no solo traer a quienes est\u00e1n aqu\u00ed, sino tambi\u00e9n llegar al territorio, donde m\u00e1s se necesitan este tipo de programas. Agradecemos a la Universidad Polit\u00e9cnica de Madrid por abrir sus puertas y facilitar el intercambio de conocimiento.\u201d<\/p>\n\n\n\n<p>Por su parte, la directora ejecutiva de la Fundaci\u00f3n Carolina Colombia, D\u00aa Carolina Olarte, subray\u00f3 el impacto del programa en los territorios colombianos y el papel de los becarios como agentes de cambio: \u201cLo que se ha tejido aqu\u00ed es una red viva: una red de confianza, de ideas compartidas, de proyectos que nacen del di\u00e1logo y del trabajo en equipo. Y eso es lo que da sentido a este programa que construimos junto a ICETEX, la Fundaci\u00f3n Carolina y la Universidad Polit\u00e9cnica de Madrid.\u201d<\/p>\n\n\n\n<p>El vicerrector de Internacionalizaci\u00f3n de la Universidad Polit\u00e9cnica de Madrid, Excmo. Sr. D. Luis Salgado, resalt\u00f3 el valor acad\u00e9mico y humano de esta iniciativa, que ha permitido a los becarios participar en un curso intensivo sobre innovaci\u00f3n social para la paz y emprendimiento sostenible, con sesiones pr\u00e1cticas, mentor\u00edas, visitas institucionales y actividades culturales. <\/p>\n\n\n\n<p>Durante el acto, se realiz\u00f3 un espacio de di\u00e1logo con los becarios, quienes compartieron sus experiencias, motivaciones y proyectos. Las intervenciones de Kelly Zapata (Choc\u00f3) y Andr\u00e9s Tomb\u00e9 (Cauca) conmovieron a los asistentes, al destacar c\u00f3mo esta formaci\u00f3n les permite fortalecer iniciativas que ya est\u00e1n transformando sus comunidades.<\/p>\n\n\n\n<p>La jornada concluy\u00f3 con una fotograf\u00eda oficial y un espacio de caf\u00e9 e interacci\u00f3n, ofrecido por el chef colombiano Edwin Rodr\u00edguez, galardonado con una estrella Michelin por su restaurante Quimbaya. A este momento se sum\u00f3 el sabor del cacao de Tumaco y la selva amaz\u00f3nica, presente a trav\u00e9s de Mox\u1ebd, empresa de alimentos que lleva al mundo chocolate de alta calidad, producido de forma sostenible con el mejor cacao de Colombia.<\/p>\n\n\n\n<p><\/p>\n","protected":false},"excerpt":{"rendered":"<p>Desde 2019, gracias a la alianza entre ICETEX y la Fundaci\u00f3n Carolina, 216 profesionales colombianos han realizados cursos de formaci\u00f3n en Espa\u00f1a. &#8220;Estos l\u00edderes representan una prescripci\u00f3n activa entre nuestras naciones, al representar los valores de la cooperaci\u00f3n educativa y proyectar el talento colombiano en escenarios internacionales&#8221;, resaltaron las autoridades colombianas. Los 40 estudiantes becarios [&hellip;]<\/p>\n","protected":false},"author":4,"featured_media":15953,"comment_status":"closed","ping_status":"open","sticky":false,"template":"","format":"standard","meta":{"_monsterinsights_skip_tracking":false,"_monsterinsights_sitenote_active":false,"_monsterinsights_sitenote_note":"","_monsterinsights_sitenote_category":0,"_uf_show_specific_survey":0,"_uf_disable_surveys":false,"footnotes":""},"categories":[9],"tags":[767,16,75,15,768,769,20,21],"class_list":["post-15951","post","type-post","status-publish","format-standard","has-post-thumbnail","hentry","category-tablon-anuncios","tag-embajada-de-colombia","tag-escuela-tecnica-superior-de-ingenieria-de-montes","tag-estudiantes","tag-etsimfmn","tag-fundacion-carolina","tag-icetex","tag-universidad-politecnica-de-madrid","tag-upm"],"aioseo_notices":[],"_links":{"self":[{"href":"https:\/\/web.montes.upm.es\/index.php?rest_route=\/wp\/v2\/posts\/15951","targetHints":{"allow":["GET"]}}],"collection":[{"href":"https:\/\/web.montes.upm.es\/index.php?rest_route=\/wp\/v2\/posts"}],"about":[{"href":"https:\/\/web.montes.upm.es\/index.php?rest_route=\/wp\/v2\/types\/post"}],"author":[{"embeddable":true,"href":"https:\/\/web.montes.upm.es\/index.php?rest_route=\/wp\/v2\/users\/4"}],"replies":[{"embeddable":true,"href":"https:\/\/web.montes.upm.es\/index.php?rest_route=%2Fwp%2Fv2%2Fcomments&post=15951"}],"version-history":[{"count":2,"href":"https:\/\/web.montes.upm.es\/index.php?rest_route=\/wp\/v2\/posts\/15951\/revisions"}],"predecessor-version":[{"id":15955,"href":"https:\/\/web.montes.upm.es\/index.php?rest_route=\/wp\/v2\/posts\/15951\/revisions\/15955"}],"wp:featuredmedia":[{"embeddable":true,"href":"https:\/\/web.montes.upm.es\/index.php?rest_route=\/wp\/v2\/media\/15953"}],"wp:attachment":[{"href":"https:\/\/web.montes.upm.es\/index.php?rest_route=%2Fwp%2Fv2%2Fmedia&parent=15951"}],"wp:term":[{"taxonomy":"category","embeddable":true,"href":"https:\/\/web.montes.upm.es\/index.php?rest_route=%2Fwp%2Fv2%2Fcategories&post=15951"},{"taxonomy":"post_tag","embeddable":true,"href":"https:\/\/web.montes.upm.es\/index.php?rest_route=%2Fwp%2Fv2%2Ftags&post=15951"}],"curies":[{"name":"wp","href":"https:\/\/api.w.org\/{rel}","templated":true}]}}