{"id":15936,"date":"2025-10-09T19:21:19","date_gmt":"2025-10-09T17:21:19","guid":{"rendered":"https:\/\/web.montes.upm.es\/?p=15936"},"modified":"2025-10-13T13:46:22","modified_gmt":"2025-10-13T11:46:22","slug":"nuevo-proyecto-erasmus-coordinado-desde-la-escuela-etsi-de-montes-forestal-y-del-medio-natural-lab-hidrologia","status":"publish","type":"post","link":"https:\/\/web.montes.upm.es\/?p=15936","title":{"rendered":"Nuevo proyecto ERASMUS+ coordinado desde la Escuela (ETSI de Montes, Forestal y del Medio Natural &#8211; Lab. Hidrolog\u00eda)"},"content":{"rendered":"\n<p><strong><em><strong>Bienvenidos, bienvenidas a Mexeco: turismo sostenible y responsable en M\u00e9xico y Costa Rica.<\/strong><\/em><\/strong><\/p>\n\n\n\n<p>Mexeco es un proyecto transformador que lleva ecoturismo sostenible y educaci\u00f3n a comunidades rurales en M\u00e9xico y Costa Rica y conecta personas implicadas con el turismo responsable en todo el mundo a trav\u00e9s de un hub, \u00bf<a href=\"https:\/\/mexeco.org\/unete-al-hub-de-ecoturismo\/\" target=\"_blank\" rel=\"noopener\" title=\"\">te sumas<\/a>? \ud83c\udf0d<\/p>\n\n\n\n<figure class=\"wp-block-table is-style-stripes\"><table class=\"has-fixed-layout\"><tbody><tr><td><strong>\u00bfQui\u00e9nes somos?<\/strong><\/td><\/tr><\/tbody><\/table><\/figure>\n\n\n\n<figure class=\"wp-block-table\"><table class=\"has-fixed-layout\"><tbody><tr><td>Mexeco es un proyecto cofinanciado con fondos europeos e impulsado por varias universidades en todo el mundo y dos entidades sin \u00e1nimo de lucro. Todas ellas trabajamos de la mano para impulsar el ecoturismo en M\u00e9xico y Costa Rica.&nbsp;<\/td><\/tr><\/tbody><\/table><\/figure>\n\n\n\n<figure class=\"wp-block-table is-style-stripes\"><table class=\"has-fixed-layout\"><tbody><tr><td><strong>\u00danete a nuestro hub<\/strong><\/td><\/tr><\/tbody><\/table><\/figure>\n\n\n\n<figure class=\"wp-block-table\"><table class=\"has-fixed-layout\"><tbody><tr><td>Para crear sinergias, hemos creado un <strong>hub global de ecoturismo<\/strong> para conectar a todas las personas profesionales del sector, organizaciones, emprendedoras locales y estudiantes de todo el mundo que deseen compartir o aprender sobre los beneficios del desarrollo de comunidades rurales a trav\u00e9s del ecoturismo como una forma sostenible de ingresos.<\/td><\/tr><\/tbody><\/table><\/figure>\n\n\n\n<figure class=\"wp-block-table is-style-regular\"><table class=\"has-fixed-layout\"><tbody><tr><td><a href=\"https:\/\/mexeco.org\/unete-al-hub-de-ecoturismo\/\" target=\"_blank\" rel=\"noopener\" title=\"\">\u00danete al hub<\/a><\/td><\/tr><\/tbody><\/table><\/figure>\n\n\n\n<figure class=\"wp-block-image size-full\"><img fetchpriority=\"high\" decoding=\"async\" width=\"1024\" height=\"1024\" src=\"https:\/\/web.montes.upm.es\/wp-content\/uploads\/2025\/10\/hub_Mexeco.png\" alt=\"\" class=\"wp-image-15937\" style=\"aspect-ratio:16\/9;object-fit:cover\" srcset=\"https:\/\/web.montes.upm.es\/wp-content\/uploads\/2025\/10\/hub_Mexeco.png 1024w, https:\/\/web.montes.upm.es\/wp-content\/uploads\/2025\/10\/hub_Mexeco-300x300.png 300w, https:\/\/web.montes.upm.es\/wp-content\/uploads\/2025\/10\/hub_Mexeco-150x150.png 150w, https:\/\/web.montes.upm.es\/wp-content\/uploads\/2025\/10\/hub_Mexeco-768x768.png 768w\" sizes=\"(max-width: 1024px) 100vw, 1024px\" \/><\/figure>\n","protected":false},"excerpt":{"rendered":"<p>Bienvenidos, bienvenidas a Mexeco: turismo sostenible y responsable en M\u00e9xico y Costa Rica. Mexeco es un proyecto transformador que lleva ecoturismo sostenible y educaci\u00f3n a comunidades rurales en M\u00e9xico y Costa Rica y conecta personas implicadas con el turismo responsable en todo el mundo a trav\u00e9s de un hub, \u00bfte sumas? \ud83c\udf0d \u00bfQui\u00e9nes somos? Mexeco [&hellip;]<\/p>\n","protected":false},"author":4,"featured_media":15938,"comment_status":"closed","ping_status":"open","sticky":false,"template":"","format":"standard","meta":{"_monsterinsights_skip_tracking":false,"_monsterinsights_sitenote_active":false,"_monsterinsights_sitenote_note":"","_monsterinsights_sitenote_category":0,"_uf_show_specific_survey":0,"_uf_disable_surveys":false,"footnotes":""},"categories":[8,4,81],"tags":[16,15,766,764,73,765,20,21],"class_list":["post-15936","post","type-post","status-publish","format-standard","has-post-thumbnail","hentry","category-investigacion","category-noticias","category-protagonistas","tag-escuela-tecnica-superior-de-ingenieria-de-montes","tag-etsimfmn","tag-genomica","tag-gi-en-desarrollo-de-especies-y-comunidades-lenosas","tag-investigacion","tag-redes-nueronales","tag-universidad-politecnica-de-madrid","tag-upm"],"aioseo_notices":[],"_links":{"self":[{"href":"https:\/\/web.montes.upm.es\/index.php?rest_route=\/wp\/v2\/posts\/15936","targetHints":{"allow":["GET"]}}],"collection":[{"href":"https:\/\/web.montes.upm.es\/index.php?rest_route=\/wp\/v2\/posts"}],"about":[{"href":"https:\/\/web.montes.upm.es\/index.php?rest_route=\/wp\/v2\/types\/post"}],"author":[{"embeddable":true,"href":"https:\/\/web.montes.upm.es\/index.php?rest_route=\/wp\/v2\/users\/4"}],"replies":[{"embeddable":true,"href":"https:\/\/web.montes.upm.es\/index.php?rest_route=%2Fwp%2Fv2%2Fcomments&post=15936"}],"version-history":[{"count":5,"href":"https:\/\/web.montes.upm.es\/index.php?rest_route=\/wp\/v2\/posts\/15936\/revisions"}],"predecessor-version":[{"id":15985,"href":"https:\/\/web.montes.upm.es\/index.php?rest_route=\/wp\/v2\/posts\/15936\/revisions\/15985"}],"wp:featuredmedia":[{"embeddable":true,"href":"https:\/\/web.montes.upm.es\/index.php?rest_route=\/wp\/v2\/media\/15938"}],"wp:attachment":[{"href":"https:\/\/web.montes.upm.es\/index.php?rest_route=%2Fwp%2Fv2%2Fmedia&parent=15936"}],"wp:term":[{"taxonomy":"category","embeddable":true,"href":"https:\/\/web.montes.upm.es\/index.php?rest_route=%2Fwp%2Fv2%2Fcategories&post=15936"},{"taxonomy":"post_tag","embeddable":true,"href":"https:\/\/web.montes.upm.es\/index.php?rest_route=%2Fwp%2Fv2%2Ftags&post=15936"}],"curies":[{"name":"wp","href":"https:\/\/api.w.org\/{rel}","templated":true}]}}