{"id":15831,"date":"2025-10-06T10:22:05","date_gmt":"2025-10-06T08:22:05","guid":{"rendered":"https:\/\/web.montes.upm.es\/?p=15831"},"modified":"2025-10-09T19:07:05","modified_gmt":"2025-10-09T17:07:05","slug":"xxii-feria-virtual-de-empleo-upm-talent","status":"publish","type":"post","link":"https:\/\/web.montes.upm.es\/?p=15831","title":{"rendered":"22 al 24 octubre: XXII Feria Virtual de Empleo UPM Talent"},"content":{"rendered":"\n<p><strong><em>La Feria estar\u00e1 operativa los d\u00edas 22, 23 y 24 de octubre, en horario de 09:00 a 20:00 horas.<\/em><\/strong><\/p>\n\n\n\n<p><strong>Reg\u00edstrate <\/strong>en <a href=\"https:\/\/feriavirtualupm.easyvirtualfair.com\/user\/register\/step1\" title=\"\">https:\/\/feriavirtualupm.easyvirtualfair.com\/user\/register\/step1<\/a> y sube tu CV.<\/p>\n\n\n\n<p><strong>Sorteo<\/strong>: Si eres estudiante o titulado de la UPM, al registrarte al evento autom\u00e1ticamente entrar\u00e1s en un sorteo de un Smart Watch. Se sortear\u00e1n 3.<\/p>\n\n\n\n<p>Si tienes alguna duda:&nbsp;<a href=\"mailto:feria.upmpleo@upm.es\">feria.upmpleo@upm.es<\/a><\/p>\n\n\n\n<p><strong>El empleo llama a tu puerta en la UPM<\/strong><\/p>\n\n\n\n<p>Acercar a los j\u00f3venes al mercado laboral y brindarles la posibilidad de conocer directamente importantes empresas y entidades que les presentar\u00e1n ofertas de trabajo y pr\u00e1cticas, son los objetivos de la Feria Virtual de Empleo de la Universidad Polit\u00e9cnica de Madrid.<\/p>\n\n\n\n<p>Por eso pone en contacto a los titulados y estudiantes de \u00faltimo curso de la UPM con las empresas que ofertan puestos de trabajo vacantes. Se trata de un evento de empleabilidad de referencia, que en su anterior edici\u00f3n reuni\u00f3 a m\u00e1s de 170 empresas que ofrecieron 800 ofertas de empleo a titulados y estudiantes de la UPM.<\/p>\n\n\n\n<p>Adem\u00e1s, Talent UPM constituye un lugar de encuentro\u00a0<em>online<\/em>\u00a0entre estudiantes y empresas. Los asistentes podr\u00e1n entablar conversaci\u00f3n con las empresas en tiempo real, mantener entrevistas y asistir a presentaciones. Tambi\u00e9n presentar sus CV en las vacantes que consideren, y conocer informaci\u00f3n actualizada sobre los procesos de selecci\u00f3n de compa\u00f1\u00edas de todas las \u00e1reas de actividad.<\/p>\n\n\n\n<p><strong>Agenda TalentUPM<\/strong><\/p>\n\n\n\n<p>Junto a la Feria Virtual de Empleo, desde UPMEMPLEO cada curso se organizan distintas actividades con el fin de ayudar a los estudiantes y titulados a trabajar en sus habilidades para facilitar la b\u00fasqueda de empleo.<\/p>\n\n\n\n<p>Desde conocer el portal de empleo UPM y sus recursos, a un taller pr\u00e1ctico para dotar de herramientas clave para construir y presentar un&nbsp;<em>elevator pitch<\/em>&nbsp;efectivo, o una sesi\u00f3n sobre c\u00f3mo dise\u00f1ar un modelo de liderazgo bas\u00e1ndonos en los recursos que ya poseemos.<\/p>\n\n\n\n<p>La Agenda TalentUPM constituye un instrumento para ayudar a completar y fortalecer la candidatura del estudiante, con el que se pretende orientar en la elaboraci\u00f3n de una imagen personal que refleje el potencial de los conocimientos t\u00e9cnicos aprendidos en el aula con la ayuda de expertos en imagen personal, redes sociales profesionales, etc.<\/p>\n\n\n\n<p>Conoce las acciones&nbsp;<a href=\"https:\/\/www.upm.es\/Estudiantes\/EmpleoPracticas\/OrientacionLaboral\">Agenda Talent curso 2025-2026<\/a>&nbsp;para la b\u00fasqueda de empleo. Inscr\u00edbete, asiste y mejora tu imagen profesional y comunicaci\u00f3n para asistir a las entrevistas de trabajo.<\/p>\n\n\n\n<p><strong>M\u00e1s informaci\u00f3n y agenda Talent UPM:<\/strong>\u00a0<\/p>\n\n\n\n<p><a href=\"https:\/\/eventos.upm.es\/136475\/detail\/xxii-feria-virtual-de-empleo-titulados-y-estudiantes.html\">XXII FERIA VIRTUAL DE EMPLEO Titulados y Estudiantes &#8211; Inicio<\/a><\/p>\n\n\n\n<p><a href=\"https:\/\/www.upm.es\/Estudiantes\/EmpleoPracticas\/TalentUPM\">https:\/\/www.upm.es\/Estudiantes\/EmpleoPracticas\/TalentUPM<\/a><\/p>\n\n\n\n<p><\/p>\n","protected":false},"excerpt":{"rendered":"<p>La Feria estar\u00e1 operativa los d\u00edas 22, 23 y 24 de octubre, en horario de 09:00 a 20:00 horas. Reg\u00edstrate en https:\/\/feriavirtualupm.easyvirtualfair.com\/user\/register\/step1 y sube tu CV. Sorteo: Si eres estudiante o titulado de la UPM, al registrarte al evento autom\u00e1ticamente entrar\u00e1s en un sorteo de un Smart Watch. Se sortear\u00e1n 3. Si tienes alguna duda:&nbsp;feria.upmpleo@upm.es [&hellip;]<\/p>\n","protected":false},"author":4,"featured_media":15832,"comment_status":"closed","ping_status":"open","sticky":false,"template":"","format":"standard","meta":{"_monsterinsights_skip_tracking":false,"_monsterinsights_sitenote_active":false,"_monsterinsights_sitenote_note":"","_monsterinsights_sitenote_category":0,"_uf_show_specific_survey":0,"_uf_disable_surveys":false,"footnotes":""},"categories":[5,9],"tags":[27,16,15,327,20,21],"class_list":["post-15831","post","type-post","status-publish","format-standard","has-post-thumbnail","hentry","category-eventos","category-tablon-anuncios","tag-empleo","tag-escuela-tecnica-superior-de-ingenieria-de-montes","tag-etsimfmn","tag-feria-empleo","tag-universidad-politecnica-de-madrid","tag-upm"],"aioseo_notices":[],"_links":{"self":[{"href":"https:\/\/web.montes.upm.es\/index.php?rest_route=\/wp\/v2\/posts\/15831","targetHints":{"allow":["GET"]}}],"collection":[{"href":"https:\/\/web.montes.upm.es\/index.php?rest_route=\/wp\/v2\/posts"}],"about":[{"href":"https:\/\/web.montes.upm.es\/index.php?rest_route=\/wp\/v2\/types\/post"}],"author":[{"embeddable":true,"href":"https:\/\/web.montes.upm.es\/index.php?rest_route=\/wp\/v2\/users\/4"}],"replies":[{"embeddable":true,"href":"https:\/\/web.montes.upm.es\/index.php?rest_route=%2Fwp%2Fv2%2Fcomments&post=15831"}],"version-history":[{"count":6,"href":"https:\/\/web.montes.upm.es\/index.php?rest_route=\/wp\/v2\/posts\/15831\/revisions"}],"predecessor-version":[{"id":15935,"href":"https:\/\/web.montes.upm.es\/index.php?rest_route=\/wp\/v2\/posts\/15831\/revisions\/15935"}],"wp:featuredmedia":[{"embeddable":true,"href":"https:\/\/web.montes.upm.es\/index.php?rest_route=\/wp\/v2\/media\/15832"}],"wp:attachment":[{"href":"https:\/\/web.montes.upm.es\/index.php?rest_route=%2Fwp%2Fv2%2Fmedia&parent=15831"}],"wp:term":[{"taxonomy":"category","embeddable":true,"href":"https:\/\/web.montes.upm.es\/index.php?rest_route=%2Fwp%2Fv2%2Fcategories&post=15831"},{"taxonomy":"post_tag","embeddable":true,"href":"https:\/\/web.montes.upm.es\/index.php?rest_route=%2Fwp%2Fv2%2Ftags&post=15831"}],"curies":[{"name":"wp","href":"https:\/\/api.w.org\/{rel}","templated":true}]}}