{"id":15411,"date":"2025-07-24T13:17:28","date_gmt":"2025-07-24T11:17:28","guid":{"rendered":"https:\/\/web.montes.upm.es\/?p=15411"},"modified":"2025-09-03T16:48:32","modified_gmt":"2025-09-03T14:48:32","slug":"jornada-de-acogida-a-los-alumnos-de-nuevo-ingreso-curso-2025-26","status":"publish","type":"post","link":"https:\/\/web.montes.upm.es\/?p=15411","title":{"rendered":"Jornada de Acogida a los alumnos de nuevo ingreso \u2013 Curso 2025\/26"},"content":{"rendered":"\t\t<div data-elementor-type=\"wp-post\" data-elementor-id=\"15411\" class=\"elementor elementor-15411\" data-elementor-post-type=\"post\">\n\t\t\t\t\t\t<section class=\"elementor-section elementor-top-section elementor-element elementor-element-21cc138a elementor-section-boxed elementor-section-height-default elementor-section-height-default exad-glass-effect-no exad-sticky-section-no\" data-id=\"21cc138a\" data-element_type=\"section\">\n\t\t\t\t\t\t<div class=\"elementor-container elementor-column-gap-default\">\n\t\t\t\t\t<div class=\"elementor-column elementor-col-100 elementor-top-column elementor-element elementor-element-169aff2e exad-glass-effect-no exad-sticky-section-no\" data-id=\"169aff2e\" data-element_type=\"column\">\n\t\t\t<div class=\"elementor-widget-wrap elementor-element-populated\">\n\t\t\t\t\t\t<div class=\"elementor-element elementor-element-4f138ac5 exad-sticky-section-no exad-glass-effect-no elementor-widget elementor-widget-text-editor\" data-id=\"4f138ac5\" data-element_type=\"widget\" data-widget_type=\"text-editor.default\">\n\t\t\t\t<div class=\"elementor-widget-container\">\n\t\t\t<style>\/*! elementor - v3.19.0 - 29-01-2024 *\/\n.elementor-widget-text-editor.elementor-drop-cap-view-stacked .elementor-drop-cap{background-color:#69727d;color:#fff}.elementor-widget-text-editor.elementor-drop-cap-view-framed .elementor-drop-cap{color:#69727d;border:3px solid;background-color:transparent}.elementor-widget-text-editor:not(.elementor-drop-cap-view-default) .elementor-drop-cap{margin-top:8px}.elementor-widget-text-editor:not(.elementor-drop-cap-view-default) .elementor-drop-cap-letter{width:1em;height:1em}.elementor-widget-text-editor .elementor-drop-cap{float:left;text-align:center;line-height:1;font-size:50px}.elementor-widget-text-editor .elementor-drop-cap-letter{display:inline-block}<\/style>\t\t\t\t<p><!-- wp:paragraph --><\/p>\n<p>La Escuela T\u00e9cnica Superior de Ingenier\u00eda de Montes, Forestal y del Medio Natural celebrar\u00e1 el pr\u00f3ximo<strong>\u00a05 de septiembre<\/strong>\u00a0la\u00a0<strong>JORNADA DE ACOGIDA<\/strong>\u00a0a los alumnos de nuevo ingreso en los distintos grados.<\/p>\n<p><a href=\"https:\/\/web.montes.upm.es\/wp-content\/uploads\/2025\/09\/Guia-BIENVENIDA_2025_26_reduc-1.pdf\">Descargar GU\u00cdA de BIENVENIDA<\/a> <\/p>\n<p><!-- \/wp:paragraph --><!-- wp:image {\"id\":15412,\"sizeSlug\":\"large\",\"linkDestination\":\"none\"} --><\/p>\n<figure class=\"wp-block-image size-large\"><img fetchpriority=\"high\" decoding=\"async\" width=\"1024\" height=\"724\" class=\"wp-image-15412\" src=\"https:\/\/web.montes.upm.es\/wp-content\/uploads\/2025\/07\/250723-cartel-presentacion-GIF-2025-2026-1024x724.jpg\" alt=\"\" srcset=\"https:\/\/web.montes.upm.es\/wp-content\/uploads\/2025\/07\/250723-cartel-presentacion-GIF-2025-2026-1024x724.jpg 1024w, https:\/\/web.montes.upm.es\/wp-content\/uploads\/2025\/07\/250723-cartel-presentacion-GIF-2025-2026-300x212.jpg 300w, https:\/\/web.montes.upm.es\/wp-content\/uploads\/2025\/07\/250723-cartel-presentacion-GIF-2025-2026-768x543.jpg 768w, https:\/\/web.montes.upm.es\/wp-content\/uploads\/2025\/07\/250723-cartel-presentacion-GIF-2025-2026-1536x1086.jpg 1536w, https:\/\/web.montes.upm.es\/wp-content\/uploads\/2025\/07\/250723-cartel-presentacion-GIF-2025-2026-2048x1448.jpg 2048w\" sizes=\"(max-width: 1024px) 100vw, 1024px\" \/><\/figure>\n<p><!-- \/wp:image --><!-- wp:image {\"id\":15414,\"sizeSlug\":\"large\",\"linkDestination\":\"none\"} --><\/p>\n<figure class=\"wp-block-image size-large\"><img decoding=\"async\" width=\"1024\" height=\"724\" class=\"wp-image-15414\" src=\"https:\/\/web.montes.upm.es\/wp-content\/uploads\/2025\/07\/250723-cartel-presentacion-GIMN-2025-2026-1024x724.jpg\" alt=\"\" srcset=\"https:\/\/web.montes.upm.es\/wp-content\/uploads\/2025\/07\/250723-cartel-presentacion-GIMN-2025-2026-1024x724.jpg 1024w, https:\/\/web.montes.upm.es\/wp-content\/uploads\/2025\/07\/250723-cartel-presentacion-GIMN-2025-2026-300x212.jpg 300w, https:\/\/web.montes.upm.es\/wp-content\/uploads\/2025\/07\/250723-cartel-presentacion-GIMN-2025-2026-768x543.jpg 768w, https:\/\/web.montes.upm.es\/wp-content\/uploads\/2025\/07\/250723-cartel-presentacion-GIMN-2025-2026-1536x1086.jpg 1536w, https:\/\/web.montes.upm.es\/wp-content\/uploads\/2025\/07\/250723-cartel-presentacion-GIMN-2025-2026-2048x1448.jpg 2048w\" sizes=\"(max-width: 1024px) 100vw, 1024px\" \/><\/figure>\n<p><!-- \/wp:image --><!-- wp:image {\"id\":15413,\"sizeSlug\":\"large\",\"linkDestination\":\"none\"} --><\/p>\n<figure class=\"wp-block-image size-large\"><img decoding=\"async\" width=\"1024\" height=\"724\" class=\"wp-image-15413\" src=\"https:\/\/web.montes.upm.es\/wp-content\/uploads\/2025\/07\/250723-cartel-presentacion-GITA-2025-2026-1024x724.jpg\" alt=\"\" srcset=\"https:\/\/web.montes.upm.es\/wp-content\/uploads\/2025\/07\/250723-cartel-presentacion-GITA-2025-2026-1024x724.jpg 1024w, https:\/\/web.montes.upm.es\/wp-content\/uploads\/2025\/07\/250723-cartel-presentacion-GITA-2025-2026-300x212.jpg 300w, https:\/\/web.montes.upm.es\/wp-content\/uploads\/2025\/07\/250723-cartel-presentacion-GITA-2025-2026-768x543.jpg 768w, https:\/\/web.montes.upm.es\/wp-content\/uploads\/2025\/07\/250723-cartel-presentacion-GITA-2025-2026-1536x1086.jpg 1536w, https:\/\/web.montes.upm.es\/wp-content\/uploads\/2025\/07\/250723-cartel-presentacion-GITA-2025-2026-2048x1448.jpg 2048w\" sizes=\"(max-width: 1024px) 100vw, 1024px\" \/><\/figure>\n<p><!-- \/wp:image --><!-- wp:paragraph --><\/p>\n<p><!-- \/wp:paragraph --><\/p>\t\t\t\t\t\t<\/div>\n\t\t\t\t<\/div>\n\t\t\t\t\t<\/div>\n\t\t<\/div>\n\t\t\t\t\t<\/div>\n\t\t<\/section>\n\t\t\t\t<\/div>\n\t\t","protected":false},"excerpt":{"rendered":"<p>5 septiembre 2025<\/p>\n","protected":false},"author":4,"featured_media":5680,"comment_status":"open","ping_status":"open","sticky":false,"template":"","format":"standard","meta":{"_monsterinsights_skip_tracking":false,"_monsterinsights_sitenote_active":false,"_monsterinsights_sitenote_note":"","_monsterinsights_sitenote_category":0,"_uf_show_specific_survey":0,"_uf_disable_surveys":false,"footnotes":""},"categories":[129,5,9],"tags":[16,15,66,20,21],"class_list":["post-15411","post","type-post","status-publish","format-standard","has-post-thumbnail","hentry","category-estudiantes","category-eventos","category-tablon-anuncios","tag-escuela-tecnica-superior-de-ingenieria-de-montes","tag-etsimfmn","tag-jornada-de-acogida","tag-universidad-politecnica-de-madrid","tag-upm"],"aioseo_notices":[],"_links":{"self":[{"href":"https:\/\/web.montes.upm.es\/index.php?rest_route=\/wp\/v2\/posts\/15411","targetHints":{"allow":["GET"]}}],"collection":[{"href":"https:\/\/web.montes.upm.es\/index.php?rest_route=\/wp\/v2\/posts"}],"about":[{"href":"https:\/\/web.montes.upm.es\/index.php?rest_route=\/wp\/v2\/types\/post"}],"author":[{"embeddable":true,"href":"https:\/\/web.montes.upm.es\/index.php?rest_route=\/wp\/v2\/users\/4"}],"replies":[{"embeddable":true,"href":"https:\/\/web.montes.upm.es\/index.php?rest_route=%2Fwp%2Fv2%2Fcomments&post=15411"}],"version-history":[{"count":5,"href":"https:\/\/web.montes.upm.es\/index.php?rest_route=\/wp\/v2\/posts\/15411\/revisions"}],"predecessor-version":[{"id":15520,"href":"https:\/\/web.montes.upm.es\/index.php?rest_route=\/wp\/v2\/posts\/15411\/revisions\/15520"}],"wp:featuredmedia":[{"embeddable":true,"href":"https:\/\/web.montes.upm.es\/index.php?rest_route=\/wp\/v2\/media\/5680"}],"wp:attachment":[{"href":"https:\/\/web.montes.upm.es\/index.php?rest_route=%2Fwp%2Fv2%2Fmedia&parent=15411"}],"wp:term":[{"taxonomy":"category","embeddable":true,"href":"https:\/\/web.montes.upm.es\/index.php?rest_route=%2Fwp%2Fv2%2Fcategories&post=15411"},{"taxonomy":"post_tag","embeddable":true,"href":"https:\/\/web.montes.upm.es\/index.php?rest_route=%2Fwp%2Fv2%2Ftags&post=15411"}],"curies":[{"name":"wp","href":"https:\/\/api.w.org\/{rel}","templated":true}]}}