{"id":15082,"date":"2025-07-07T09:29:59","date_gmt":"2025-07-07T07:29:59","guid":{"rendered":"https:\/\/web.montes.upm.es\/?p=15082"},"modified":"2025-07-07T09:30:00","modified_gmt":"2025-07-07T07:30:00","slug":"actividades-sobre-trashumancia-y-ganaderia-extensiva-en-cuenca-y-la-serrania","status":"publish","type":"post","link":"https:\/\/web.montes.upm.es\/?p=15082","title":{"rendered":"Actividades sobre Trashumancia y Ganader\u00eda Extensiva en Cuenca y la Serran\u00eda"},"content":{"rendered":"\n<p>Actividades que tendr\u00e1n lugar los pr\u00f3ximos d\u00edas 8 y 9 de julio, organizadas por la Universidad de Castilla-La Mancha, la Universidad Internacional Men\u00e9ndez Pelayo y la Consejer\u00eda de Agricultura, Ganader\u00eda y Desarrollo Rural de Castilla-La Mancha. Se trata de un conjunto de conferencias, cursos y jornadas en torno a la <strong>trashumancia<\/strong>\u00a0y la <strong>ganader\u00eda extensiva<\/strong>, fundamentales para el aprovechamiento sostenible de la Serran\u00eda y la conservaci\u00f3n de su biodiversidad, adem\u00e1s de contribuir a la prevenci\u00f3n de incendios.<\/p>\n\n\n\n<p><strong>Programa de actividades:<\/strong><\/p>\n\n\n\n<p>\u25b6\ufe0f <strong>Martes, 8 de julio (ma\u00f1ana)<\/strong>&nbsp;\u2013 <em>Conferencias Trashumancia Viva<\/em><\/p>\n\n\n\n<p>\u2002\u2002\ud83d\udccdUIMP Cuenca (C\/ Palafox, 1). Entrada libre hasta completar aforo.<\/p>\n\n\n\n<ul class=\"wp-block-list\">\n<li>09:30 h \u2013 Inauguraci\u00f3n oficial<\/li>\n\n\n\n<li>10:00 h \u2013 Una aproximaci\u00f3n a la trashumancia del siglo XXI en Espa\u00f1a (Univ. Murcia)<\/li>\n\n\n\n<li>11:00 h \u2013 Investigaci\u00f3n en y al servicio de la Ca\u00f1ada Conquense\u00a0(UAM)<\/li>\n\n\n\n<li>12:10 h \u2013 Visi\u00f3n y coraz\u00f3n en la trashumancia\u00a0(Consejer\u00eda de Agricultura, Junta de Andaluc\u00eda)<\/li>\n\n\n\n<li>13:00 h \u2013 Iniciativas y reflexiones desde Castilla-La Mancha\u00a0(UCLM)<\/li>\n\n\n\n<li>14:00 h \u2013 Inauguraci\u00f3n exposici\u00f3n fotogr\u00e1fica sobre ganader\u00eda extensiva y trashumancia.<\/li>\n<\/ul>\n\n\n\n<p>\u25b6\ufe0f <strong>Martes, 8 de julio (tarde) y mi\u00e9rcoles 9 de julio (ma\u00f1ana)<\/strong>&nbsp;\u2013 <em>Curso de verano Trashumancia hoy<\/em><\/p>\n\n\n\n<p>&nbsp; &nbsp; \ud83d\udccd&nbsp;Vega del Codorno. Inscripci\u00f3n previa necesaria.<\/p>\n\n\n\n<p>&nbsp; &nbsp; &nbsp; &nbsp; Informaci\u00f3n y matr\u00edcula: <a href=\"https:\/\/urldefense.com\/v3\/__https:\/\/eventos.uclm.es\/135520\/detail\/trashumancia-hoy.html__;!!D9dNQwwGXtA!XXQst2KtM-6RIzPbTZc0tdK2KGaC4UBPPjqKTbWOihj-pZs_Ya7-ADgztCcI3ZnLo_Xm00CJQjLNsKiVv05acgJlkXaSQm7x9sc$\">https:\/\/eventos.uclm.es\/135520\/detail\/trashumancia-hoy.html<\/a><\/p>\n\n\n\n<p>\u25b6\ufe0f <strong>Mi\u00e9rcoles 9 de julio (tarde)<\/strong>&nbsp;\u2013 <em>Jornada sobre Ganader\u00eda Extensiva y Trashumancia<\/em><\/p>\n\n\n\n<p>&nbsp; &nbsp; \ud83d\udccd Vega del Codorno. Inscripci\u00f3n previa necesaria.<\/p>\n\n\n\n<p>Informaci\u00f3n y inscripci\u00f3n: <a href=\"https:\/\/urldefense.com\/v3\/__https:\/\/encuestasgen.castillalamancha.es\/index.php\/583447?lang=es__;!!D9dNQwwGXtA!XXQst2KtM-6RIzPbTZc0tdK2KGaC4UBPPjqKTbWOihj-pZs_Ya7-ADgztCcI3ZnLo_Xm00CJQjLNsKiVv05acgJlkXaSPP1vC0U$\">https:\/\/encuestasgen.castillalamancha.es\/index.php\/583447?lang=es<\/a><\/p>\n\n\n\n<p><strong>Modalidad online:<\/strong><\/p>\n\n\n\n<p>Quienes no puedan desplazarse a Vega del Codorno podr\u00e1n seguir en streaming las siguientes sesiones:<\/p>\n\n\n\n<ul class=\"wp-block-list\">\n<li>\ud83d\udcc5 8 de julio, 17:00 h \u2013 <a href=\"https:\/\/urldefense.com\/v3\/__https:\/\/teams.microsoft.com\/l\/meetup-join\/19*3ameeting_N2RkMzg0ZWEtZGIwZi00ODRkLWJkZWYtYmQxMThkOWI4MTQ0*40thread.v2\/0?context=*7b*22Tid*22*3a*22c42cbae6-61f4-498c-9107-6a8cf5f01e56*22*2c*22Oid*22*3a*22acba6bf7-b5ba-4c52-9413-3731bde973eb*22*7d__;JSUlJSUlJSUlJSUlJSUl!!D9dNQwwGXtA!XXQst2KtM-6RIzPbTZc0tdK2KGaC4UBPPjqKTbWOihj-pZs_Ya7-ADgztCcI3ZnLo_Xm00CJQjLNsKiVv05acgJlkXaSty2fvao$\">Curso de verano Trashumancia hoy (enlace a Teams)<\/a><\/li>\n\n\n\n<li>\ud83d\udcc5 9 de julio, 13:00 h \u2013 <a href=\"https:\/\/urldefense.com\/v3\/__https:\/\/teams.microsoft.com\/l\/meetup-join\/19*3ameeting_MGQyY2UyZGQtODA0Zi00MmZhLWJlNDctZTVjNzA0NWE4ZjQ3*40thread.v2\/0?context=*7b*22Tid*22*3a*22c42cbae6-61f4-498c-9107-6a8cf5f01e56*22*2c*22Oid*22*3a*22acba6bf7-b5ba-4c52-9413-3731bde973eb*22*7d__;JSUlJSUlJSUlJSUlJSUl!!D9dNQwwGXtA!XXQst2KtM-6RIzPbTZc0tdK2KGaC4UBPPjqKTbWOihj-pZs_Ya7-ADgztCcI3ZnLo_Xm00CJQjLNsKiVv05acgJlkXaSzbEvwTE$\">Jornada Ganader\u00eda Extensiva y Trashumancia (enlace a Teams)<\/a><\/li>\n<\/ul>\n\n\n\n<p>\u26a0\ufe0f <strong>Confirmaci\u00f3n \/ inscripci\u00f3n:<\/strong><\/p>\n\n\n\n<ul class=\"wp-block-list\">\n<li>Para asistir presencialmente a las conferencias o jornadas: vidal.montoro@uclm.es<\/li>\n\n\n\n<li>Para el curso y la jornada: inscripci\u00f3n previa obligatoria.<\/li>\n<\/ul>\n","protected":false},"excerpt":{"rendered":"<p>Actividades que tendr\u00e1n lugar los pr\u00f3ximos d\u00edas 8 y 9 de julio, organizadas por la Universidad de Castilla-La Mancha, la Universidad Internacional Men\u00e9ndez Pelayo y la Consejer\u00eda de Agricultura, Ganader\u00eda y Desarrollo Rural de Castilla-La Mancha. Se trata de un conjunto de conferencias, cursos y jornadas en torno a la trashumancia\u00a0y la ganader\u00eda extensiva, fundamentales [&hellip;]<\/p>\n","protected":false},"author":4,"featured_media":15083,"comment_status":"closed","ping_status":"open","sticky":false,"template":"","format":"standard","meta":{"_monsterinsights_skip_tracking":false,"_monsterinsights_sitenote_active":false,"_monsterinsights_sitenote_note":"","_monsterinsights_sitenote_category":0,"_uf_show_specific_survey":0,"_uf_disable_surveys":false,"footnotes":""},"categories":[9],"tags":[111,687,723,131,722],"class_list":["post-15082","post","type-post","status-publish","format-standard","has-post-thumbnail","hentry","category-tablon-anuncios","tag-aprovechamiento","tag-ganaderia","tag-ganaderia-extensiva","tag-incendios","tag-trashumancia"],"aioseo_notices":[],"_links":{"self":[{"href":"https:\/\/web.montes.upm.es\/index.php?rest_route=\/wp\/v2\/posts\/15082","targetHints":{"allow":["GET"]}}],"collection":[{"href":"https:\/\/web.montes.upm.es\/index.php?rest_route=\/wp\/v2\/posts"}],"about":[{"href":"https:\/\/web.montes.upm.es\/index.php?rest_route=\/wp\/v2\/types\/post"}],"author":[{"embeddable":true,"href":"https:\/\/web.montes.upm.es\/index.php?rest_route=\/wp\/v2\/users\/4"}],"replies":[{"embeddable":true,"href":"https:\/\/web.montes.upm.es\/index.php?rest_route=%2Fwp%2Fv2%2Fcomments&post=15082"}],"version-history":[{"count":1,"href":"https:\/\/web.montes.upm.es\/index.php?rest_route=\/wp\/v2\/posts\/15082\/revisions"}],"predecessor-version":[{"id":15084,"href":"https:\/\/web.montes.upm.es\/index.php?rest_route=\/wp\/v2\/posts\/15082\/revisions\/15084"}],"wp:featuredmedia":[{"embeddable":true,"href":"https:\/\/web.montes.upm.es\/index.php?rest_route=\/wp\/v2\/media\/15083"}],"wp:attachment":[{"href":"https:\/\/web.montes.upm.es\/index.php?rest_route=%2Fwp%2Fv2%2Fmedia&parent=15082"}],"wp:term":[{"taxonomy":"category","embeddable":true,"href":"https:\/\/web.montes.upm.es\/index.php?rest_route=%2Fwp%2Fv2%2Fcategories&post=15082"},{"taxonomy":"post_tag","embeddable":true,"href":"https:\/\/web.montes.upm.es\/index.php?rest_route=%2Fwp%2Fv2%2Ftags&post=15082"}],"curies":[{"name":"wp","href":"https:\/\/api.w.org\/{rel}","templated":true}]}}