{"id":14892,"date":"2025-07-01T09:34:40","date_gmt":"2025-07-01T07:34:40","guid":{"rendered":"https:\/\/web.montes.upm.es\/?p=14892"},"modified":"2025-07-01T09:34:40","modified_gmt":"2025-07-01T07:34:40","slug":"consulta-publica-para-proponer-temas-de-interes-a-la-oficina-c-del-congreso-de-los-diputados","status":"publish","type":"post","link":"https:\/\/web.montes.upm.es\/?p=14892","title":{"rendered":"Consulta p\u00fablica para proponer temas de inter\u00e9s a la Oficina C del Congreso de los Diputados"},"content":{"rendered":"\n<p>La Oficina de Ciencia y Tecnolog\u00eda del Congreso de los Diputados (Oficina C) ha abierto una consulta p\u00fablica hasta el 7 de julio para recoger propuestas de temas que la sociedad considera importantes y que podr\u00edamos abordar desde una perspectiva cient\u00edfica en el Congreso de los Diputados. Se trata de un formulario muy breve (menos de cinco minutos) abierto a cualquier persona interesada en compartir sus ideas: <a href=\"https:\/\/oficinac.es\/es\/consulta-publica\/participa-form\" target=\"_blank\" rel=\"noreferrer noopener\">https:\/\/oficinac.es\/es\/consulta-publica\/participa-form<\/a><\/p>\n\n\n\n<p>Esta acci\u00f3n forma parte del I Plan de Parlamento Abierto como una de las medidas para reforzar la participaci\u00f3n ciudadana.<\/p>\n\n\n\n<p><\/p>\n","protected":false},"excerpt":{"rendered":"<p>La Oficina de Ciencia y Tecnolog\u00eda del Congreso de los Diputados (Oficina C) ha abierto una consulta p\u00fablica hasta el 7 de julio para recoger propuestas de temas que la sociedad considera importantes y que podr\u00edamos abordar desde una perspectiva cient\u00edfica en el Congreso de los Diputados. Se trata de un formulario muy breve (menos [&hellip;]<\/p>\n","protected":false},"author":4,"featured_media":5742,"comment_status":"closed","ping_status":"open","sticky":false,"template":"","format":"standard","meta":{"_monsterinsights_skip_tracking":false,"_monsterinsights_sitenote_active":false,"_monsterinsights_sitenote_note":"","_monsterinsights_sitenote_category":0,"_uf_show_specific_survey":0,"_uf_disable_surveys":false,"footnotes":""},"categories":[129,9],"tags":[465,716],"class_list":["post-14892","post","type-post","status-publish","format-standard","has-post-thumbnail","hentry","category-estudiantes","category-tablon-anuncios","tag-congreso-de-los-diputados","tag-consulta"],"aioseo_notices":[],"_links":{"self":[{"href":"https:\/\/web.montes.upm.es\/index.php?rest_route=\/wp\/v2\/posts\/14892","targetHints":{"allow":["GET"]}}],"collection":[{"href":"https:\/\/web.montes.upm.es\/index.php?rest_route=\/wp\/v2\/posts"}],"about":[{"href":"https:\/\/web.montes.upm.es\/index.php?rest_route=\/wp\/v2\/types\/post"}],"author":[{"embeddable":true,"href":"https:\/\/web.montes.upm.es\/index.php?rest_route=\/wp\/v2\/users\/4"}],"replies":[{"embeddable":true,"href":"https:\/\/web.montes.upm.es\/index.php?rest_route=%2Fwp%2Fv2%2Fcomments&post=14892"}],"version-history":[{"count":1,"href":"https:\/\/web.montes.upm.es\/index.php?rest_route=\/wp\/v2\/posts\/14892\/revisions"}],"predecessor-version":[{"id":14893,"href":"https:\/\/web.montes.upm.es\/index.php?rest_route=\/wp\/v2\/posts\/14892\/revisions\/14893"}],"wp:featuredmedia":[{"embeddable":true,"href":"https:\/\/web.montes.upm.es\/index.php?rest_route=\/wp\/v2\/media\/5742"}],"wp:attachment":[{"href":"https:\/\/web.montes.upm.es\/index.php?rest_route=%2Fwp%2Fv2%2Fmedia&parent=14892"}],"wp:term":[{"taxonomy":"category","embeddable":true,"href":"https:\/\/web.montes.upm.es\/index.php?rest_route=%2Fwp%2Fv2%2Fcategories&post=14892"},{"taxonomy":"post_tag","embeddable":true,"href":"https:\/\/web.montes.upm.es\/index.php?rest_route=%2Fwp%2Fv2%2Ftags&post=14892"}],"curies":[{"name":"wp","href":"https:\/\/api.w.org\/{rel}","templated":true}]}}