{"id":14746,"date":"2025-06-26T13:47:37","date_gmt":"2025-06-26T11:47:37","guid":{"rendered":"https:\/\/web.montes.upm.es\/?p=14746"},"modified":"2025-06-26T13:47:51","modified_gmt":"2025-06-26T11:47:51","slug":"becas-colaboracion-del-ministerio-educacion-2025-26","status":"publish","type":"post","link":"https:\/\/web.montes.upm.es\/?p=14746","title":{"rendered":"Becas colaboraci\u00f3n del Ministerio Educaci\u00f3n  &#8211; Curso 2025-26"},"content":{"rendered":"\n<p>Resoluci\u00f3n de la Secretar\u00eda de Estado de Educaci\u00f3n, por la que se convocan becas de colaboraci\u00f3n de estudiantes en departamentos universitarios para el curso acad\u00e9mico 2025-2026.<\/p>\n\n\n\n<p>El plazo de presentaci\u00f3n de solicitudes <strong>finaliza el 16 de septiembre.<\/strong><\/p>\n\n\n\n<ul class=\"wp-block-list\">\n<li><strong>Convocatoria de Becas<\/strong><\/li>\n<\/ul>\n\n\n\n<div data-wp-interactive=\"core\/file\" class=\"wp-block-file\"><object data-wp-bind--hidden=\"!state.hasPdfPreview\" hidden class=\"wp-block-file__embed\" data=\"https:\/\/web.montes.upm.es\/wp-content\/uploads\/2025\/06\/Convocatoria-Becas-Colaboracion.pdf\" type=\"application\/pdf\" style=\"width:100%;height:600px\" aria-label=\"Incrustado de Convocatoria Becas Colaboraci\u00f3n.\"><\/object><a id=\"wp-block-file--media-d50b99fb-04b8-4363-aa38-4f1de9996d37\" href=\"https:\/\/web.montes.upm.es\/wp-content\/uploads\/2025\/06\/Convocatoria-Becas-Colaboracion.pdf\">Convocatoria Becas Colaboraci\u00f3n<\/a><a href=\"https:\/\/web.montes.upm.es\/wp-content\/uploads\/2025\/06\/Convocatoria-Becas-Colaboracion.pdf\" class=\"wp-block-file__button wp-element-button\" download aria-describedby=\"wp-block-file--media-d50b99fb-04b8-4363-aa38-4f1de9996d37\">Descarga<\/a><\/div>\n\n\n\n<p>Asimismo, se remite la distribuci\u00f3n realizada por el Consejo Social de las 88 becas asignadas a la UPM.<\/p>\n\n\n\n<ul class=\"wp-block-list\">\n<li><strong>Distribuci\u00f3n Becas del Consejo Social UPM<\/strong><\/li>\n<\/ul>\n\n\n\n<div data-wp-interactive=\"core\/file\" class=\"wp-block-file\"><object data-wp-bind--hidden=\"!state.hasPdfPreview\" hidden class=\"wp-block-file__embed\" data=\"https:\/\/web.montes.upm.es\/wp-content\/uploads\/2025\/06\/Distribucion-Becas-Consejo-Social.pdf\" type=\"application\/pdf\" style=\"width:100%;height:600px\" aria-label=\"Incrustado de Distribuci\u00f3n Becas Consejo Social.\"><\/object><a id=\"wp-block-file--media-9e5965e5-b61c-4056-bd1e-4cbca4fd0b76\" href=\"https:\/\/web.montes.upm.es\/wp-content\/uploads\/2025\/06\/Distribucion-Becas-Consejo-Social.pdf\">Distribuci\u00f3n Becas Consejo Social<\/a><a href=\"https:\/\/web.montes.upm.es\/wp-content\/uploads\/2025\/06\/Distribucion-Becas-Consejo-Social.pdf\" class=\"wp-block-file__button wp-element-button\" download aria-describedby=\"wp-block-file--media-9e5965e5-b61c-4056-bd1e-4cbca4fd0b76\">Descarga<\/a><\/div>\n\n\n\n<p><\/p>\n","protected":false},"excerpt":{"rendered":"<p>Resoluci\u00f3n de la Secretar\u00eda de Estado de Educaci\u00f3n, por la que se convocan becas de colaboraci\u00f3n de estudiantes en departamentos universitarios para el curso acad\u00e9mico 2025-2026. El plazo de presentaci\u00f3n de solicitudes finaliza el 16 de septiembre. Asimismo, se remite la distribuci\u00f3n realizada por el Consejo Social de las 88 becas asignadas a la UPM.<\/p>\n","protected":false},"author":4,"featured_media":6802,"comment_status":"closed","ping_status":"open","sticky":false,"template":"","format":"standard","meta":{"_monsterinsights_skip_tracking":false,"_monsterinsights_sitenote_active":false,"_monsterinsights_sitenote_note":"","_monsterinsights_sitenote_category":0,"_uf_show_specific_survey":0,"_uf_disable_surveys":false,"footnotes":""},"categories":[129,9],"tags":[252,23,16,75,15,20,21],"class_list":["post-14746","post","type-post","status-publish","format-standard","has-post-thumbnail","hentry","category-estudiantes","category-tablon-anuncios","tag-beca-colaboracion","tag-convocatoria","tag-escuela-tecnica-superior-de-ingenieria-de-montes","tag-estudiantes","tag-etsimfmn","tag-universidad-politecnica-de-madrid","tag-upm"],"aioseo_notices":[],"_links":{"self":[{"href":"https:\/\/web.montes.upm.es\/index.php?rest_route=\/wp\/v2\/posts\/14746","targetHints":{"allow":["GET"]}}],"collection":[{"href":"https:\/\/web.montes.upm.es\/index.php?rest_route=\/wp\/v2\/posts"}],"about":[{"href":"https:\/\/web.montes.upm.es\/index.php?rest_route=\/wp\/v2\/types\/post"}],"author":[{"embeddable":true,"href":"https:\/\/web.montes.upm.es\/index.php?rest_route=\/wp\/v2\/users\/4"}],"replies":[{"embeddable":true,"href":"https:\/\/web.montes.upm.es\/index.php?rest_route=%2Fwp%2Fv2%2Fcomments&post=14746"}],"version-history":[{"count":2,"href":"https:\/\/web.montes.upm.es\/index.php?rest_route=\/wp\/v2\/posts\/14746\/revisions"}],"predecessor-version":[{"id":14750,"href":"https:\/\/web.montes.upm.es\/index.php?rest_route=\/wp\/v2\/posts\/14746\/revisions\/14750"}],"wp:featuredmedia":[{"embeddable":true,"href":"https:\/\/web.montes.upm.es\/index.php?rest_route=\/wp\/v2\/media\/6802"}],"wp:attachment":[{"href":"https:\/\/web.montes.upm.es\/index.php?rest_route=%2Fwp%2Fv2%2Fmedia&parent=14746"}],"wp:term":[{"taxonomy":"category","embeddable":true,"href":"https:\/\/web.montes.upm.es\/index.php?rest_route=%2Fwp%2Fv2%2Fcategories&post=14746"},{"taxonomy":"post_tag","embeddable":true,"href":"https:\/\/web.montes.upm.es\/index.php?rest_route=%2Fwp%2Fv2%2Ftags&post=14746"}],"curies":[{"name":"wp","href":"https:\/\/api.w.org\/{rel}","templated":true}]}}