{"id":14476,"date":"2025-05-22T11:36:24","date_gmt":"2025-05-22T11:36:24","guid":{"rendered":"https:\/\/web.montes.upm.es\/?p=14476"},"modified":"2025-05-22T11:39:44","modified_gmt":"2025-05-22T11:39:44","slug":"la-importancia-de-la-gestion-de-nuestros-bosques","status":"publish","type":"post","link":"https:\/\/web.montes.upm.es\/?p=14476","title":{"rendered":"&#8220;La importancia de la gesti\u00f3n de nuestros bosques&#8221;"},"content":{"rendered":"\n<p>En la secci\u00f3n &#8220;A ciencia cierta&#8221; de Marca Espa\u00f1a (RTVE), hablan de medioambiente, de la&nbsp;<strong>gesti\u00f3n de nuestros bosques urbanos y periurbanos<\/strong>. Una buena conservaci\u00f3n nos puede ayudar a mitigar los efectos del cambio clim\u00e1tico, de las avenidas o prevenir incendios.<\/p>\n\n\n\n<p>Intervenci\u00f3n de&nbsp;<strong>Sonia Roig G\u00f3mez<\/strong>, ingeniera de Montes y Profesora en nuestra escuela, departamento de Sistemas y Recursos Naturales.<\/p>\n\n\n\n<p><a href=\"https:\/\/www.rtve.es\/play\/audios\/marca-espana\/marca-espana-importancia-gestion-nuestros-bosques\/16592019\/\" title=\"\">M\u00e1s informaci\u00f3n&#8230;<\/a><\/p>\n\n\n\n<p><\/p>\n","protected":false},"excerpt":{"rendered":"<p>Intervenci\u00f3n de\u00a0Sonia Roig G\u00f3mez, ingeniera de Montes y Profesora en nuestra escuela<\/p>\n","protected":false},"author":4,"featured_media":5887,"comment_status":"closed","ping_status":"open","sticky":false,"template":"","format":"standard","meta":{"_monsterinsights_skip_tracking":false,"_monsterinsights_sitenote_active":false,"_monsterinsights_sitenote_note":"","_monsterinsights_sitenote_category":0,"_uf_show_specific_survey":0,"_uf_disable_surveys":false,"footnotes":""},"categories":[5,81,9],"tags":[19,517,16,15,90,20,21],"class_list":["post-14476","post","type-post","status-publish","format-standard","has-post-thumbnail","hentry","category-eventos","category-protagonistas","category-tablon-anuncios","tag-bosques","tag-bosques-urbanos","tag-escuela-tecnica-superior-de-ingenieria-de-montes","tag-etsimfmn","tag-medio-ambiente","tag-universidad-politecnica-de-madrid","tag-upm"],"aioseo_notices":[],"_links":{"self":[{"href":"https:\/\/web.montes.upm.es\/index.php?rest_route=\/wp\/v2\/posts\/14476","targetHints":{"allow":["GET"]}}],"collection":[{"href":"https:\/\/web.montes.upm.es\/index.php?rest_route=\/wp\/v2\/posts"}],"about":[{"href":"https:\/\/web.montes.upm.es\/index.php?rest_route=\/wp\/v2\/types\/post"}],"author":[{"embeddable":true,"href":"https:\/\/web.montes.upm.es\/index.php?rest_route=\/wp\/v2\/users\/4"}],"replies":[{"embeddable":true,"href":"https:\/\/web.montes.upm.es\/index.php?rest_route=%2Fwp%2Fv2%2Fcomments&post=14476"}],"version-history":[{"count":2,"href":"https:\/\/web.montes.upm.es\/index.php?rest_route=\/wp\/v2\/posts\/14476\/revisions"}],"predecessor-version":[{"id":14480,"href":"https:\/\/web.montes.upm.es\/index.php?rest_route=\/wp\/v2\/posts\/14476\/revisions\/14480"}],"wp:featuredmedia":[{"embeddable":true,"href":"https:\/\/web.montes.upm.es\/index.php?rest_route=\/wp\/v2\/media\/5887"}],"wp:attachment":[{"href":"https:\/\/web.montes.upm.es\/index.php?rest_route=%2Fwp%2Fv2%2Fmedia&parent=14476"}],"wp:term":[{"taxonomy":"category","embeddable":true,"href":"https:\/\/web.montes.upm.es\/index.php?rest_route=%2Fwp%2Fv2%2Fcategories&post=14476"},{"taxonomy":"post_tag","embeddable":true,"href":"https:\/\/web.montes.upm.es\/index.php?rest_route=%2Fwp%2Fv2%2Ftags&post=14476"}],"curies":[{"name":"wp","href":"https:\/\/api.w.org\/{rel}","templated":true}]}}