{"id":13404,"date":"2025-03-13T10:51:02","date_gmt":"2025-03-13T10:51:02","guid":{"rendered":"https:\/\/web.montes.upm.es\/?p=13404"},"modified":"2025-03-13T10:51:03","modified_gmt":"2025-03-13T10:51:03","slug":"oferta-de-empleo-imidra","status":"publish","type":"post","link":"https:\/\/web.montes.upm.es\/?p=13404","title":{"rendered":"Oferta de empleo &#8211; IMIDRA"},"content":{"rendered":"\n<p>RESOLUCI\u00d3N de 10 de marzo de 2025, de la Directora-Gerente del Instituto Madrile\u00f1o de Investigaci\u00f3n y Desarrollo Rural, Agrario y Alimentario (IMIDRA), por la que se efect\u00faa la convocatoria para la contrataci\u00f3n de personal de actividades cient\u00edfico-t\u00e9cnicas y de apoyo para proyectos espec\u00edficos de I+D en el IMIDRA.<\/p>\n\n\n\n<p>M\u00e1s informaci\u00f3n: <a href=\"https:\/\/www.bocm.es\/boletin\/CM_Orden_BOCM\/2025\/03\/12\/BOCM-20250312-21.PDF\">https:\/\/www.bocm.es\/boletin\/CM_Orden_BOCM\/2025\/03\/12\/BOCM-20250312-21.PDF<\/a><\/p>\n","protected":false},"excerpt":{"rendered":"<p>RESOLUCI\u00d3N de 10 de marzo de 2025, de la Directora-Gerente del Instituto Madrile\u00f1o de Investigaci\u00f3n y Desarrollo Rural, Agrario y Alimentario (IMIDRA), por la que se efect\u00faa la convocatoria para la contrataci\u00f3n de personal de actividades cient\u00edfico-t\u00e9cnicas y de apoyo para proyectos espec\u00edficos de I+D en el IMIDRA. M\u00e1s informaci\u00f3n: https:\/\/www.bocm.es\/boletin\/CM_Orden_BOCM\/2025\/03\/12\/BOCM-20250312-21.PDF<\/p>\n","protected":false},"author":4,"featured_media":5742,"comment_status":"closed","ping_status":"open","sticky":false,"template":"","format":"standard","meta":{"_monsterinsights_skip_tracking":false,"_monsterinsights_sitenote_active":false,"_monsterinsights_sitenote_note":"","_monsterinsights_sitenote_category":0,"_uf_show_specific_survey":0,"_uf_disable_surveys":false,"footnotes":""},"categories":[9],"tags":[653,27,16,15,652,651],"class_list":["post-13404","post","type-post","status-publish","format-standard","has-post-thumbnail","hentry","category-tablon-anuncios","tag-bocm","tag-empleo","tag-escuela-tecnica-superior-de-ingenieria-de-montes","tag-etsimfmn","tag-id","tag-imidra"],"aioseo_notices":[],"_links":{"self":[{"href":"https:\/\/web.montes.upm.es\/index.php?rest_route=\/wp\/v2\/posts\/13404","targetHints":{"allow":["GET"]}}],"collection":[{"href":"https:\/\/web.montes.upm.es\/index.php?rest_route=\/wp\/v2\/posts"}],"about":[{"href":"https:\/\/web.montes.upm.es\/index.php?rest_route=\/wp\/v2\/types\/post"}],"author":[{"embeddable":true,"href":"https:\/\/web.montes.upm.es\/index.php?rest_route=\/wp\/v2\/users\/4"}],"replies":[{"embeddable":true,"href":"https:\/\/web.montes.upm.es\/index.php?rest_route=%2Fwp%2Fv2%2Fcomments&post=13404"}],"version-history":[{"count":1,"href":"https:\/\/web.montes.upm.es\/index.php?rest_route=\/wp\/v2\/posts\/13404\/revisions"}],"predecessor-version":[{"id":13405,"href":"https:\/\/web.montes.upm.es\/index.php?rest_route=\/wp\/v2\/posts\/13404\/revisions\/13405"}],"wp:featuredmedia":[{"embeddable":true,"href":"https:\/\/web.montes.upm.es\/index.php?rest_route=\/wp\/v2\/media\/5742"}],"wp:attachment":[{"href":"https:\/\/web.montes.upm.es\/index.php?rest_route=%2Fwp%2Fv2%2Fmedia&parent=13404"}],"wp:term":[{"taxonomy":"category","embeddable":true,"href":"https:\/\/web.montes.upm.es\/index.php?rest_route=%2Fwp%2Fv2%2Fcategories&post=13404"},{"taxonomy":"post_tag","embeddable":true,"href":"https:\/\/web.montes.upm.es\/index.php?rest_route=%2Fwp%2Fv2%2Ftags&post=13404"}],"curies":[{"name":"wp","href":"https:\/\/api.w.org\/{rel}","templated":true}]}}