{"id":13399,"date":"2025-03-13T10:48:10","date_gmt":"2025-03-13T10:48:10","guid":{"rendered":"https:\/\/web.montes.upm.es\/?p=13399"},"modified":"2025-03-19T07:40:22","modified_gmt":"2025-03-19T07:40:22","slug":"concurso-de-fotografia-encuentro-de-primavera","status":"publish","type":"post","link":"https:\/\/web.montes.upm.es\/?p=13399","title":{"rendered":"Concurso de fotograf\u00eda &#8211; Encuentro de primavera &#8211; APLAZADO POR LA LLUVIA"},"content":{"rendered":"\n<p>Con motivo del D\u00eda de Los Bosques, la Plataforma Los Carriles va a celebrar la llegada de la primavera y todo lo que renace y crece con ella con un d\u00eda en Los Carriles lleno de actividades.<\/p>\n\n\n\n<p>Se trata de conocer y disfrutar este espacio agradeciendo su generosidad y todo lo que nos aporta.<\/p>\n\n\n\n<p>Habr\u00e1 diferentes actos:<\/p>\n\n\n\n<ul class=\"wp-block-list\">\n<li>Lluvia de semillas<\/li>\n\n\n\n<li>Avistamiento de aves<\/li>\n\n\n\n<li>Meditaci\u00f3n<\/li>\n\n\n\n<li>La palabra se hizo \u00e1rbol<\/li>\n\n\n\n<li>El bosque conceptual<\/li>\n\n\n\n<li>M\u00fasica<\/li>\n\n\n\n<li>Rinc\u00f3n po\u00e9tico :espacio para compartir la poes\u00eda, las emociones, las palabras que representan lo que la naturaleza y su protecci\u00f3n significa para los participantes.<\/li>\n\n\n\n<li>Abrazo a la naturaleza<\/li>\n<\/ul>\n\n\n\n<p><\/p>\n\n\n\n<figure class=\"wp-block-image aligncenter size-large\"><img fetchpriority=\"high\" decoding=\"async\" width=\"724\" height=\"1024\" src=\"https:\/\/web.montes.upm.es\/wp-content\/uploads\/2025\/03\/image-3-724x1024.png\" alt=\"\" class=\"wp-image-13400\" srcset=\"https:\/\/web.montes.upm.es\/wp-content\/uploads\/2025\/03\/image-3-724x1024.png 724w, https:\/\/web.montes.upm.es\/wp-content\/uploads\/2025\/03\/image-3-212x300.png 212w, https:\/\/web.montes.upm.es\/wp-content\/uploads\/2025\/03\/image-3-768x1086.png 768w, https:\/\/web.montes.upm.es\/wp-content\/uploads\/2025\/03\/image-3-1086x1536.png 1086w, https:\/\/web.montes.upm.es\/wp-content\/uploads\/2025\/03\/image-3.png 1240w\" sizes=\"(max-width: 724px) 100vw, 724px\" \/><\/figure>\n","protected":false},"excerpt":{"rendered":"<p>Con motivo del D\u00eda de Los Bosques, la Plataforma Los Carriles va a celebrar la llegada de la primavera y todo lo que renace y crece con ella con un d\u00eda en Los Carriles lleno de actividades. Se trata de conocer y disfrutar este espacio agradeciendo su generosidad y todo lo que nos aporta. Habr\u00e1 [&hellip;]<\/p>\n","protected":false},"author":4,"featured_media":13401,"comment_status":"closed","ping_status":"open","sticky":false,"template":"","format":"standard","meta":{"_monsterinsights_skip_tracking":false,"_monsterinsights_sitenote_active":false,"_monsterinsights_sitenote_note":"","_monsterinsights_sitenote_category":0,"_uf_show_specific_survey":0,"_uf_disable_surveys":false,"footnotes":""},"categories":[9],"tags":[16,15,650],"class_list":["post-13399","post","type-post","status-publish","format-standard","has-post-thumbnail","hentry","category-tablon-anuncios","tag-escuela-tecnica-superior-de-ingenieria-de-montes","tag-etsimfmn","tag-los-carriles"],"aioseo_notices":[],"_links":{"self":[{"href":"https:\/\/web.montes.upm.es\/index.php?rest_route=\/wp\/v2\/posts\/13399","targetHints":{"allow":["GET"]}}],"collection":[{"href":"https:\/\/web.montes.upm.es\/index.php?rest_route=\/wp\/v2\/posts"}],"about":[{"href":"https:\/\/web.montes.upm.es\/index.php?rest_route=\/wp\/v2\/types\/post"}],"author":[{"embeddable":true,"href":"https:\/\/web.montes.upm.es\/index.php?rest_route=\/wp\/v2\/users\/4"}],"replies":[{"embeddable":true,"href":"https:\/\/web.montes.upm.es\/index.php?rest_route=%2Fwp%2Fv2%2Fcomments&post=13399"}],"version-history":[{"count":3,"href":"https:\/\/web.montes.upm.es\/index.php?rest_route=\/wp\/v2\/posts\/13399\/revisions"}],"predecessor-version":[{"id":13498,"href":"https:\/\/web.montes.upm.es\/index.php?rest_route=\/wp\/v2\/posts\/13399\/revisions\/13498"}],"wp:featuredmedia":[{"embeddable":true,"href":"https:\/\/web.montes.upm.es\/index.php?rest_route=\/wp\/v2\/media\/13401"}],"wp:attachment":[{"href":"https:\/\/web.montes.upm.es\/index.php?rest_route=%2Fwp%2Fv2%2Fmedia&parent=13399"}],"wp:term":[{"taxonomy":"category","embeddable":true,"href":"https:\/\/web.montes.upm.es\/index.php?rest_route=%2Fwp%2Fv2%2Fcategories&post=13399"},{"taxonomy":"post_tag","embeddable":true,"href":"https:\/\/web.montes.upm.es\/index.php?rest_route=%2Fwp%2Fv2%2Ftags&post=13399"}],"curies":[{"name":"wp","href":"https:\/\/api.w.org\/{rel}","templated":true}]}}