{"id":13383,"date":"2025-03-13T08:18:16","date_gmt":"2025-03-13T08:18:16","guid":{"rendered":"https:\/\/web.montes.upm.es\/?p=13383"},"modified":"2025-03-13T08:18:17","modified_gmt":"2025-03-13T08:18:17","slug":"dia-internacional-de-los-bosques-2025-jornada-tecnico-divulgativa","status":"publish","type":"post","link":"https:\/\/web.montes.upm.es\/?p=13383","title":{"rendered":"D\u00eda Internacional de los Bosques 2025 &#8211; Jornada t\u00e9cnico-divulgativa"},"content":{"rendered":"\n<p>Para asistir <strong>se requiere inscripci\u00f3n por motivos de control de aforos y log\u00edstica. La inscripci\u00f3n se cerrar\u00e1 el \u00a017 de marzo a las 12:00 horas, las plazas para cada actividad est\u00e1n limitadas, por lo que las plazas se adjudicar\u00e1n <\/strong>por riguroso orden de inscripci\u00f3n. <strong><a href=\"https:\/\/urldefense.com\/v3\/__https:\/diainternacionaldelosbosques.es\/__;!!D9dNQwwGXtA!QDkef_RLPZQOHXM3XlCpVbCnzG7ZIqQJBFBZqSF7pG2YZ5wPCSVzv4iJIciaHDsRAob_qi7HclbiN3m53rCn2gxGecU7AC85tPg0$\" target=\"_blank\" rel=\"noreferrer noopener\">Formulario de inscripci\u00f3n<\/a> <\/strong>en<strong> <a href=\"https:\/\/urldefense.com\/v3\/__https:\/diainternacionaldelosbosques.es\/__;!!D9dNQwwGXtA!QDkef_RLPZQOHXM3XlCpVbCnzG7ZIqQJBFBZqSF7pG2YZ5wPCSVzv4iJIciaHDsRAob_qi7HclbiN3m53rCn2gxGecU7AC85tPg0$\" target=\"_blank\" rel=\"noreferrer noopener\">https:\/\/diainternacionaldelosbosques.es\/<\/a><\/strong><\/p>\n\n\n\n<p>Para consultar y descargar el programa, en su versi\u00f3n actualizada, visita la <a href=\"https:\/\/urldefense.com\/v3\/__https:\/diainternacionaldelosbosques.es\/__;!!D9dNQwwGXtA!QDkef_RLPZQOHXM3XlCpVbCnzG7ZIqQJBFBZqSF7pG2YZ5wPCSVzv4iJIciaHDsRAob_qi7HclbiN3m53rCn2gxGecU7AC85tPg0$\" target=\"_blank\" rel=\"noreferrer noopener\">web<\/a><\/p>\n\n\n\n<p>Esta edici\u00f3n se va a celebrar en la ciudad de Soria, en formato presencial, los d\u00edas 20 y 21 de marzo de 2025. Entre las actividades programadas, no puedes perderte la jornada t\u00e9cnica que tendr\u00e1 lugar el jueves 20 en la sede de la delegaci\u00f3n Territorial de la Junta de Castilla y Le\u00f3n en Soria (C. Linajes, 1, Soria). El viernes habr\u00e1 una salida de campo.<\/p>\n\n\n\n<figure class=\"wp-block-image aligncenter size-full\"><img fetchpriority=\"high\" decoding=\"async\" width=\"276\" height=\"392\" src=\"https:\/\/web.montes.upm.es\/wp-content\/uploads\/2025\/03\/image-1.png\" alt=\"\" class=\"wp-image-13384\" srcset=\"https:\/\/web.montes.upm.es\/wp-content\/uploads\/2025\/03\/image-1.png 276w, https:\/\/web.montes.upm.es\/wp-content\/uploads\/2025\/03\/image-1-211x300.png 211w\" sizes=\"(max-width: 276px) 100vw, 276px\" \/><\/figure>\n\n\n\n<p>Las entidades organizadoras de esta edici\u00f3n son el Ministerio para la Transici\u00f3n Ecol\u00f3gica y el Reto Demogr\u00e1fico, la Junta de Castilla y Le\u00f3n, la Diputaci\u00f3n de Soria, el Ayuntamiento de Soria y la plataforma que lo impulsa todos los a\u00f1os, Juntos por los Bosques.<\/p>\n\n\n\n<p>Aquellos que se\u00e1is de fuera de Soria, se aconseja que hag\u00e1is las reservas de alojamiento lo antes posible ya que cuanto m\u00e1s se acerque la fecha ser\u00e1 m\u00e1s dif\u00edcil. <a href=\"https:\/\/urldefense.com\/v3\/__https:\/www.turismosoria.es\/planifica-tu-visita\/donde-dormir\/__;!!D9dNQwwGXtA!QDkef_RLPZQOHXM3XlCpVbCnzG7ZIqQJBFBZqSF7pG2YZ5wPCSVzv4iJIciaHDsRAob_qi7HclbiN3m53rCn2gxGecU7AIohSMxh$\" target=\"_blank\" rel=\"noreferrer noopener\">https:\/\/www.turismosoria.es\/planifica-tu-visita\/donde-dormir<\/a><\/p>\n","protected":false},"excerpt":{"rendered":"<p>Para asistir se requiere inscripci\u00f3n por motivos de control de aforos y log\u00edstica. La inscripci\u00f3n se cerrar\u00e1 el \u00a017 de marzo a las 12:00 horas, las plazas para cada actividad est\u00e1n limitadas, por lo que las plazas se adjudicar\u00e1n por riguroso orden de inscripci\u00f3n. Formulario de inscripci\u00f3n en https:\/\/diainternacionaldelosbosques.es\/ Para consultar y descargar el programa, [&hellip;]<\/p>\n","protected":false},"author":4,"featured_media":13385,"comment_status":"closed","ping_status":"open","sticky":false,"template":"","format":"standard","meta":{"_monsterinsights_skip_tracking":false,"_monsterinsights_sitenote_active":false,"_monsterinsights_sitenote_note":"","_monsterinsights_sitenote_category":0,"_uf_show_specific_survey":0,"_uf_disable_surveys":false,"footnotes":""},"categories":[9],"tags":[649,16,15,386,189],"class_list":["post-13383","post","type-post","status-publish","format-standard","has-post-thumbnail","hentry","category-tablon-anuncios","tag-dia-internacional-de-los-bosques","tag-escuela-tecnica-superior-de-ingenieria-de-montes","tag-etsimfmn","tag-jornada","tag-juntos-por-los-bosques"],"aioseo_notices":[],"_links":{"self":[{"href":"https:\/\/web.montes.upm.es\/index.php?rest_route=\/wp\/v2\/posts\/13383","targetHints":{"allow":["GET"]}}],"collection":[{"href":"https:\/\/web.montes.upm.es\/index.php?rest_route=\/wp\/v2\/posts"}],"about":[{"href":"https:\/\/web.montes.upm.es\/index.php?rest_route=\/wp\/v2\/types\/post"}],"author":[{"embeddable":true,"href":"https:\/\/web.montes.upm.es\/index.php?rest_route=\/wp\/v2\/users\/4"}],"replies":[{"embeddable":true,"href":"https:\/\/web.montes.upm.es\/index.php?rest_route=%2Fwp%2Fv2%2Fcomments&post=13383"}],"version-history":[{"count":1,"href":"https:\/\/web.montes.upm.es\/index.php?rest_route=\/wp\/v2\/posts\/13383\/revisions"}],"predecessor-version":[{"id":13386,"href":"https:\/\/web.montes.upm.es\/index.php?rest_route=\/wp\/v2\/posts\/13383\/revisions\/13386"}],"wp:featuredmedia":[{"embeddable":true,"href":"https:\/\/web.montes.upm.es\/index.php?rest_route=\/wp\/v2\/media\/13385"}],"wp:attachment":[{"href":"https:\/\/web.montes.upm.es\/index.php?rest_route=%2Fwp%2Fv2%2Fmedia&parent=13383"}],"wp:term":[{"taxonomy":"category","embeddable":true,"href":"https:\/\/web.montes.upm.es\/index.php?rest_route=%2Fwp%2Fv2%2Fcategories&post=13383"},{"taxonomy":"post_tag","embeddable":true,"href":"https:\/\/web.montes.upm.es\/index.php?rest_route=%2Fwp%2Fv2%2Ftags&post=13383"}],"curies":[{"name":"wp","href":"https:\/\/api.w.org\/{rel}","templated":true}]}}