{"id":11555,"date":"2024-10-17T06:38:15","date_gmt":"2024-10-17T06:38:15","guid":{"rendered":"https:\/\/web.montes.upm.es\/?p=11555"},"modified":"2024-10-17T06:38:16","modified_gmt":"2024-10-17T06:38:16","slug":"factoria-de-talento-12-abre-sus-puertas","status":"publish","type":"post","link":"https:\/\/web.montes.upm.es\/?p=11555","title":{"rendered":"\u00a1Factor\u00eda de Talento 12 abre sus puertas!"},"content":{"rendered":"\n<p>Factor\u00eda de Talento, inicia su edici\u00f3n 12 con la apertura del proceso de inscripci\u00f3n de candidatos, que tendr\u00e1 lugar entre el 14 de octubre y el 15 de noviembre. Factor\u00eda es un proyecto dirigido a j\u00f3venes con ganas de conocerse mejor, descubrir lo que quieren ser y orientar su futuro laboral.<br>Los 20 j\u00f3venes participantes, entre 18 y 26 a\u00f1os, de las m\u00e1s diversas procedencias acad\u00e9micas, disfrutar\u00e1n de un intenso programa de entrenamiento de 6 meses en \u00e1mbitos como el liderazgo, la innovaci\u00f3n y la comunicaci\u00f3n. <\/p>\n\n\n\n<p>Adem\u00e1s, vivir\u00e1n espacios de aprendizaje con otros j\u00f3venes y referentes profesionales con los que podr\u00e1n compartir sus inquietudes. Este v\u00eddeo resume lo esencial del proyecto: <a href=\"https:\/\/bit.ly\/FactoriaTalentoApuntate\" title=\"\">https:\/\/bit.ly\/FactoriaTalentoApuntate<\/a><\/p>\n\n\n\n<p>La participaci\u00f3n en Factor\u00eda de Talento, valorada en 5.500\u20ac por participante, no tiene coste econ\u00f3mico y est\u00e1 becado al 100% por la Asociaci\u00f3n para el Impulso del Talento Joven, que articula todos los programas que desde Dynamis Consultores, empresa especializada en la direcci\u00f3n y desarrollo de talento, se realizan para j\u00f3venes de manera becada, en su compromiso por impulsar el talento joven en Espa\u00f1a.<\/p>\n\n\n\n<p>Toda la informaci\u00f3n del proyecto se encuentra en <a href=\"http:\/\/www.factoriatalento.es\" title=\"\">www.factoriatalento.es<\/a>, que es tambi\u00e9n el sitio donde se realiza la inscripci\u00f3n para iniciar el proceso de selecci\u00f3n, que constar\u00e1 de diferentes fases y culminar\u00e1 en diciembre. Los seminarios y todo el proceso formativo ser\u00e1n de enero a junio de 2025.<\/p>\n\n\n\n<p>Si tienes entre 18 y 26 a\u00f1os y quieres darle una vuelta a tu rutina, l\u00e1nzate. El proceso de selecci\u00f3n est\u00e1 abierto hasta el 15 de noviembre en <a href=\"https:\/\/factoriatalento.es\/apuntate\/\" title=\"\">https:\/\/factoriatalento.es\/apuntate\/<\/a><\/p>\n\n\n\n<p>\u00a1M\u00e1s de 250 j\u00f3venes ya han vivido la aventura en las 11 ediciones anteriores!<\/p>\n\n\n\n<p>\u00bfQuieres descubrir m\u00e1s? Te lo contamos en 2 minutos: <a href=\"http:\/\/bit.ly\/VideoFactoria\" title=\"\">http:\/\/bit.ly\/VideoFactoria<\/a><\/p>\n","protected":false},"excerpt":{"rendered":"<p>Factor\u00eda de Talento, inicia su edici\u00f3n 12 con la apertura del proceso de inscripci\u00f3n de candidatos, que tendr\u00e1 lugar entre el 14 de octubre y el 15 de noviembre. Factor\u00eda es un proyecto dirigido a j\u00f3venes con ganas de conocerse mejor, descubrir lo que quieren ser y orientar su futuro laboral.Los 20 j\u00f3venes participantes, entre [&hellip;]<\/p>\n","protected":false},"author":4,"featured_media":11557,"comment_status":"closed","ping_status":"open","sticky":false,"template":"","format":"standard","meta":{"_monsterinsights_skip_tracking":false,"_monsterinsights_sitenote_active":false,"_monsterinsights_sitenote_note":"","_monsterinsights_sitenote_category":0,"_uf_show_specific_survey":0,"_uf_disable_surveys":false,"footnotes":""},"categories":[129,9],"tags":[173,20,21],"class_list":["post-11555","post","type-post","status-publish","format-standard","has-post-thumbnail","hentry","category-estudiantes","category-tablon-anuncios","tag-factoria-de-talento","tag-universidad-politecnica-de-madrid","tag-upm"],"aioseo_notices":[],"_links":{"self":[{"href":"https:\/\/web.montes.upm.es\/index.php?rest_route=\/wp\/v2\/posts\/11555","targetHints":{"allow":["GET"]}}],"collection":[{"href":"https:\/\/web.montes.upm.es\/index.php?rest_route=\/wp\/v2\/posts"}],"about":[{"href":"https:\/\/web.montes.upm.es\/index.php?rest_route=\/wp\/v2\/types\/post"}],"author":[{"embeddable":true,"href":"https:\/\/web.montes.upm.es\/index.php?rest_route=\/wp\/v2\/users\/4"}],"replies":[{"embeddable":true,"href":"https:\/\/web.montes.upm.es\/index.php?rest_route=%2Fwp%2Fv2%2Fcomments&post=11555"}],"version-history":[{"count":2,"href":"https:\/\/web.montes.upm.es\/index.php?rest_route=\/wp\/v2\/posts\/11555\/revisions"}],"predecessor-version":[{"id":11559,"href":"https:\/\/web.montes.upm.es\/index.php?rest_route=\/wp\/v2\/posts\/11555\/revisions\/11559"}],"wp:featuredmedia":[{"embeddable":true,"href":"https:\/\/web.montes.upm.es\/index.php?rest_route=\/wp\/v2\/media\/11557"}],"wp:attachment":[{"href":"https:\/\/web.montes.upm.es\/index.php?rest_route=%2Fwp%2Fv2%2Fmedia&parent=11555"}],"wp:term":[{"taxonomy":"category","embeddable":true,"href":"https:\/\/web.montes.upm.es\/index.php?rest_route=%2Fwp%2Fv2%2Fcategories&post=11555"},{"taxonomy":"post_tag","embeddable":true,"href":"https:\/\/web.montes.upm.es\/index.php?rest_route=%2Fwp%2Fv2%2Ftags&post=11555"}],"curies":[{"name":"wp","href":"https:\/\/api.w.org\/{rel}","templated":true}]}}