{"id":11551,"date":"2024-10-17T06:06:07","date_gmt":"2024-10-17T06:06:07","guid":{"rendered":"https:\/\/web.montes.upm.es\/?p=11551"},"modified":"2024-10-17T06:06:09","modified_gmt":"2024-10-17T06:06:09","slug":"iii-torneo-inclusivo-de-futbol-ciegos","status":"publish","type":"post","link":"https:\/\/web.montes.upm.es\/?p=11551","title":{"rendered":"III Torneo inclusivo de F\u00fatbol Ciegos"},"content":{"rendered":"\n<p>Ser\u00e1 el 27 de noviembre en el Polideportivo del Campus Sur y la inscripci\u00f3n ya est\u00e1 abierta <a href=\"https:\/\/eventos.upm.es\/123415\/files\/iii-torneo-inclusivo-de-futbol-ciegos-y-hogar-digital-accesible.html\">III Torneo Inclusivo de F\u00fatbol Ciegos y Hogar Digital Accesible &#8211; Programa (upm.es)<\/a><\/p>\n\n\n\n<p>Habr\u00e1 una sesi\u00f3n previa formativa online.<\/p>\n\n\n\n<p><\/p>\n","protected":false},"excerpt":{"rendered":"<p>Ser\u00e1 el 27 de noviembre en el Polideportivo del Campus Sur y la inscripci\u00f3n ya est\u00e1 abierta III Torneo Inclusivo de F\u00fatbol Ciegos y Hogar Digital Accesible &#8211; Programa (upm.es) Habr\u00e1 una sesi\u00f3n previa formativa online.<\/p>\n","protected":false},"author":4,"featured_media":11553,"comment_status":"closed","ping_status":"open","sticky":false,"template":"","format":"standard","meta":{"_monsterinsights_skip_tracking":false,"_monsterinsights_sitenote_active":false,"_monsterinsights_sitenote_note":"","_monsterinsights_sitenote_category":0,"_uf_show_specific_survey":0,"_uf_disable_surveys":false,"footnotes":""},"categories":[9],"tags":[487,16,15,513,514,20,21],"class_list":["post-11551","post","type-post","status-publish","format-standard","has-post-thumbnail","hentry","category-tablon-anuncios","tag-deportes","tag-escuela-tecnica-superior-de-ingenieria-de-montes","tag-etsimfmn","tag-futbol","tag-futbol-ciegos","tag-universidad-politecnica-de-madrid","tag-upm"],"aioseo_notices":[],"_links":{"self":[{"href":"https:\/\/web.montes.upm.es\/index.php?rest_route=\/wp\/v2\/posts\/11551","targetHints":{"allow":["GET"]}}],"collection":[{"href":"https:\/\/web.montes.upm.es\/index.php?rest_route=\/wp\/v2\/posts"}],"about":[{"href":"https:\/\/web.montes.upm.es\/index.php?rest_route=\/wp\/v2\/types\/post"}],"author":[{"embeddable":true,"href":"https:\/\/web.montes.upm.es\/index.php?rest_route=\/wp\/v2\/users\/4"}],"replies":[{"embeddable":true,"href":"https:\/\/web.montes.upm.es\/index.php?rest_route=%2Fwp%2Fv2%2Fcomments&post=11551"}],"version-history":[{"count":1,"href":"https:\/\/web.montes.upm.es\/index.php?rest_route=\/wp\/v2\/posts\/11551\/revisions"}],"predecessor-version":[{"id":11554,"href":"https:\/\/web.montes.upm.es\/index.php?rest_route=\/wp\/v2\/posts\/11551\/revisions\/11554"}],"wp:featuredmedia":[{"embeddable":true,"href":"https:\/\/web.montes.upm.es\/index.php?rest_route=\/wp\/v2\/media\/11553"}],"wp:attachment":[{"href":"https:\/\/web.montes.upm.es\/index.php?rest_route=%2Fwp%2Fv2%2Fmedia&parent=11551"}],"wp:term":[{"taxonomy":"category","embeddable":true,"href":"https:\/\/web.montes.upm.es\/index.php?rest_route=%2Fwp%2Fv2%2Fcategories&post=11551"},{"taxonomy":"post_tag","embeddable":true,"href":"https:\/\/web.montes.upm.es\/index.php?rest_route=%2Fwp%2Fv2%2Ftags&post=11551"}],"curies":[{"name":"wp","href":"https:\/\/api.w.org\/{rel}","templated":true}]}}