{"id":11404,"date":"2024-10-07T11:36:14","date_gmt":"2024-10-07T11:36:14","guid":{"rendered":"https:\/\/web.montes.upm.es\/?p=11404"},"modified":"2024-10-07T11:36:16","modified_gmt":"2024-10-07T11:36:16","slug":"jornada-construccion-en-madera-en-madrid","status":"publish","type":"post","link":"https:\/\/web.montes.upm.es\/?p=11404","title":{"rendered":"Jornada &#8220;Construcci\u00f3n en madera en Madrid&#8221;"},"content":{"rendered":"\n<p>Jueves 10 de octubre a las 11h00 en modalidad presencial co-organizada por COAM, MATCOAM, el Ayuntamiento de Madrid, y C40, en el marco de la Semana Internacional de la Arquitectura de Madrid. Esta iniciativa surge a ra\u00edz de la participaci\u00f3n de Madrid como ciudad piloto en el proyecto C40 VISIBLE.10\/10\/2024 &#8211; 11:00h &#8211; Sala Triangular, 3\u00aa planta COAM<\/p>\n\n\n\n<figure class=\"wp-block-image aligncenter size-full\"><img decoding=\"async\" width=\"122\" height=\"37\" src=\"https:\/\/web.montes.upm.es\/wp-content\/uploads\/2024\/10\/image-2.png\" alt=\"\" class=\"wp-image-11406\"\/><\/figure>\n\n\n\n<p><a href=\"https:\/\/urldefense.com\/v3\/__https:\/www.coam.org\/es\/inscripciones-web\/300148__;!!D9dNQwwGXtA!VCfpxSV1nhyy9Ci7IB1-Xc62MrTLf7vExFZY07zkstlMM-AzOryUdlLkYIwgIvFRZgIyZzR95li6DDYLGMIFRPGfMg47VbMBIsDz$\" target=\"_blank\" rel=\"noreferrer noopener\"><\/a>El objetivo de este evento es compartir perspectivas de toda la cadena de valor y avanzar en la alineaci\u00f3n de c\u00f3mo superar las barreras y aprovechar el creciente impulso para acelerar el uso de la madera industrializada en el sector de la construcci\u00f3n en Madrid.<br><br>C40 Cities es una red global de casi 100 alcaldes de las principales ciudades del mundo que est\u00e1n unidos en acci\u00f3n para enfrentar la crisis clim\u00e1tica. VISIBLE es un proyecto de C40 que aprovechar\u00e1 el poder de las ciudades para descarbonizar sus entornos construidos de una manera que sea a la vez justa y econ\u00f3micamente viable.\u00a0<br>\u00a0<br><strong>Programa<\/strong><br>\u00a0<br>11:00 h.\u00a0<strong>Bienvenida y apertura<\/strong>.<br>Ponentes:<br>\u00a0\u00a0\u00a0\u00a0\u00a0 &#8211; \u00c1ngela Baldellou. Directora General del COAM.<br>\u00a0\u00a0\u00a0\u00a0\u00a0 &#8211; Juan Azc\u00e1rate Luxan. Subdirector General de Energ\u00eda y Cambio Clim\u00e1tico. Ayuntamiento de Madrid. \u00a0<br><br>11:07 h.\u00a0<strong>Puesta en escena. Panorama del mercado de construcci\u00f3n en madera<\/strong>.<br>Ponente:<br>Carla Ferrer. Coordinadora de la Red Mass Madera<br><br>11:15 h.\u00a0<strong>Demostraci\u00f3n de viabilidad. Casos de \u00e9xito en el contexto espa\u00f1ol<\/strong>.<br>\u00a0\u00a0\u00a0\u00a0 &#8211; Iberia Loreto 01. Vivienda p\u00fablica social. Madrid.<br>\u00a0\u00a0\u00a0\u00a0 &#8211; Viviendas Tom\u00e1s Bret\u00f3n. Covivienda ecol\u00f3gica. Madrid.<br>\u00a0\u00a0\u00a0\u00a0 &#8211; Biblioteca Garc\u00eda M\u00e1rquez. Barcelona.<br><br>Ponentes:<br>\u00a0\u00a0\u00a0\u00a0 &#8211; Jaime Suescun. Arquitecto asociado OFS office for sustainability<br>\u00a0\u00a0\u00a0\u00a0 &#8211; I\u00f1aki Alonso. Arquitecto CEO de sAtt.<br>\u00a0\u00a0\u00a0\u00a0 &#8211; Elena Orte. Arquitecta co-fundadora de Suma Arquitectura. \u00a0<br><br>11:45 h.\u00a0<strong>Demostraci\u00f3n de viabilidad. Experto internacional. UK.<\/strong><br>Ponente:<br>\u00a0\u00a0\u00a0\u00a0\u00a0 &#8211; Andrew Waugh (Waugh-Thistleton Architects)<br>\u00a0<br>11:55 h.\u00a0<strong>Panel moderado: Barreras y oportunidades para acelerar la construcci\u00f3n en madera de toda la cadena de valor.<\/strong><br>Moderadora:<br>\u00a0\u00a0\u00a0\u00a0\u00a0 &#8211; Kaitlyn Dietz. Clean Construction Finance Manager. C40.<br>Ponentes:<br>\u00a0\u00a0 &#8211; Juan Ignacio Fern\u00e1ndez Golfin. Miembro de la Junta Directiva de AITIM.<br>\u00a0\u00a0 &#8211; Sandra Llorente. Directora General de LIGNUM TECH.<br>\u00a0\u00a0 &#8211; Carlos Ramos. T\u00e9cnico del Servicio de Medioambiente y Escena Urbana de la Villa de Vallecas. \u00a0<br>\u00a0\u00a0 &#8211; Pablo Saiz. Director de Arquitectura de WOODEA.<br><br>12:55 h.\u00a0<strong>Preguntas del p\u00fablico y clausura.<\/strong><br>\u00a0<br>13:05 h.\u00a0<strong>C\u00f3ctel y networking<\/strong><\/p>\n","protected":false},"excerpt":{"rendered":"<p>Jueves 10 de octubre a las 11h00 en modalidad presencial co-organizada por COAM, MATCOAM, el Ayuntamiento de Madrid, y C40, en el marco de la Semana Internacional de la Arquitectura de Madrid. Esta iniciativa surge a ra\u00edz de la participaci\u00f3n de Madrid como ciudad piloto en el proyecto C40 VISIBLE.10\/10\/2024 &#8211; 11:00h &#8211; Sala Triangular, [&hellip;]<\/p>\n","protected":false},"author":4,"featured_media":11405,"comment_status":"closed","ping_status":"open","sticky":false,"template":"","format":"standard","meta":{"_monsterinsights_skip_tracking":false,"_monsterinsights_sitenote_active":false,"_monsterinsights_sitenote_note":"","_monsterinsights_sitenote_category":0,"_uf_show_specific_survey":0,"_uf_disable_surveys":false,"footnotes":""},"categories":[9],"tags":[502,386,85],"class_list":["post-11404","post","type-post","status-publish","format-standard","has-post-thumbnail","hentry","category-tablon-anuncios","tag-construccion","tag-jornada","tag-madera"],"aioseo_notices":[],"_links":{"self":[{"href":"https:\/\/web.montes.upm.es\/index.php?rest_route=\/wp\/v2\/posts\/11404","targetHints":{"allow":["GET"]}}],"collection":[{"href":"https:\/\/web.montes.upm.es\/index.php?rest_route=\/wp\/v2\/posts"}],"about":[{"href":"https:\/\/web.montes.upm.es\/index.php?rest_route=\/wp\/v2\/types\/post"}],"author":[{"embeddable":true,"href":"https:\/\/web.montes.upm.es\/index.php?rest_route=\/wp\/v2\/users\/4"}],"replies":[{"embeddable":true,"href":"https:\/\/web.montes.upm.es\/index.php?rest_route=%2Fwp%2Fv2%2Fcomments&post=11404"}],"version-history":[{"count":2,"href":"https:\/\/web.montes.upm.es\/index.php?rest_route=\/wp\/v2\/posts\/11404\/revisions"}],"predecessor-version":[{"id":11408,"href":"https:\/\/web.montes.upm.es\/index.php?rest_route=\/wp\/v2\/posts\/11404\/revisions\/11408"}],"wp:featuredmedia":[{"embeddable":true,"href":"https:\/\/web.montes.upm.es\/index.php?rest_route=\/wp\/v2\/media\/11405"}],"wp:attachment":[{"href":"https:\/\/web.montes.upm.es\/index.php?rest_route=%2Fwp%2Fv2%2Fmedia&parent=11404"}],"wp:term":[{"taxonomy":"category","embeddable":true,"href":"https:\/\/web.montes.upm.es\/index.php?rest_route=%2Fwp%2Fv2%2Fcategories&post=11404"},{"taxonomy":"post_tag","embeddable":true,"href":"https:\/\/web.montes.upm.es\/index.php?rest_route=%2Fwp%2Fv2%2Ftags&post=11404"}],"curies":[{"name":"wp","href":"https:\/\/api.w.org\/{rel}","templated":true}]}}