{"id":10670,"date":"2024-07-18T09:14:22","date_gmt":"2024-07-18T09:14:22","guid":{"rendered":"https:\/\/web.montes.upm.es\/?p=10670"},"modified":"2024-07-18T09:17:11","modified_gmt":"2024-07-18T09:17:11","slug":"la-investigadora-margarida-tome-nueva-doctora-honoris-causa-por-la-upm","status":"publish","type":"post","link":"https:\/\/web.montes.upm.es\/?p=10670","title":{"rendered":"La investigadora Margarida Tom\u00e9, nueva doctora honoris causa por la UPM"},"content":{"rendered":"\n<p>Experta mundial en el desarrollo de herramientas para la gesti\u00f3n forestal sostenible, Margarida Tom\u00e9 ha recibido la m\u00e1xima distinci\u00f3n acad\u00e9mica de la UPM, en una ceremonia presidida por su rector, Guillermo Cisneros.<\/p>\n\n\n\n<figure class=\"wp-block-image aligncenter size-full\"><img fetchpriority=\"high\" decoding=\"async\" width=\"600\" height=\"400\" src=\"https:\/\/web.montes.upm.es\/wp-content\/uploads\/2024\/07\/image-2.png\" alt=\"\" class=\"wp-image-10673\" srcset=\"https:\/\/web.montes.upm.es\/wp-content\/uploads\/2024\/07\/image-2.png 600w, https:\/\/web.montes.upm.es\/wp-content\/uploads\/2024\/07\/image-2-300x200.png 300w\" sizes=\"(max-width: 600px) 100vw, 600px\" \/><\/figure>\n\n\n\n<p>Durante el acto, presidido por el rector de la UPM, Guillermo Cisneros, destac\u00f3 la amplia experiencia en investigaci\u00f3n de la profesora Tom\u00e9 \u201cen las \u00e1reas de inventario de recursos forestales, monitoreo de la sostenibilidad de la gesti\u00f3n forestal y modelizaci\u00f3n del crecimiento del bosque bajo un escenario de cambios globales, habiendo coordinado y\/o participado en m\u00faltiples proyectos de investigaci\u00f3n nacionales e internacionales. Tambi\u00e9n ha sido responsable de diversos proyectos t\u00e9cnicos, especialmente en las \u00e1reas del inventario forestal y de la previsi\u00f3n de la evoluci\u00f3n de los bosques\u201d<\/p>\n\n\n\n<p>La nueva doctora&nbsp;<em>honoris causa<\/em>&nbsp;ha sido propuesta por Sonia Roig, Sonia Cond\u00e9s y Miren del R\u00edo, profesoras de la Escuela T\u00e9cnica Superior de Ingenier\u00eda de Montes, Forestal y del Medio Natural de la Universidad Polit\u00e9cnica de Madrid, centro que este a\u00f1o celebra el septuag\u00e9simo quinto aniversario de su creaci\u00f3n.<\/p>\n\n\n\n<p><a href=\"https:\/\/www.upm.es\/?id=CON13330&amp;prefmt=articulo&amp;fmt=detail\" title=\"\">Ver m\u00e1s&#8230;<\/a><\/p>\n","protected":false},"excerpt":{"rendered":"<p>Experta mundial en el desarrollo de herramientas para la gesti\u00f3n forestal sostenible, Margarida Tom\u00e9 ha recibido la m\u00e1xima distinci\u00f3n acad\u00e9mica de la UPM, en una ceremonia presidida por su rector, Guillermo Cisneros. Durante el acto, presidido por el rector de la UPM, Guillermo Cisneros, destac\u00f3 la amplia experiencia en investigaci\u00f3n de la profesora Tom\u00e9 \u201cen [&hellip;]<\/p>\n","protected":false},"author":4,"featured_media":10671,"comment_status":"open","ping_status":"open","sticky":false,"template":"","format":"standard","meta":{"_monsterinsights_skip_tracking":false,"_monsterinsights_sitenote_active":false,"_monsterinsights_sitenote_note":"","_monsterinsights_sitenote_category":0,"_uf_show_specific_survey":0,"_uf_disable_surveys":false,"footnotes":""},"categories":[81,9],"tags":[16,15,22,474,388,475,20,21],"class_list":["post-10670","post","type-post","status-publish","format-standard","has-post-thumbnail","hentry","category-protagonistas","category-tablon-anuncios","tag-escuela-tecnica-superior-de-ingenieria-de-montes","tag-etsimfmn","tag-forestal","tag-honoris-causa","tag-inventario","tag-recursos-forestales","tag-universidad-politecnica-de-madrid","tag-upm"],"aioseo_notices":[],"_links":{"self":[{"href":"https:\/\/web.montes.upm.es\/index.php?rest_route=\/wp\/v2\/posts\/10670","targetHints":{"allow":["GET"]}}],"collection":[{"href":"https:\/\/web.montes.upm.es\/index.php?rest_route=\/wp\/v2\/posts"}],"about":[{"href":"https:\/\/web.montes.upm.es\/index.php?rest_route=\/wp\/v2\/types\/post"}],"author":[{"embeddable":true,"href":"https:\/\/web.montes.upm.es\/index.php?rest_route=\/wp\/v2\/users\/4"}],"replies":[{"embeddable":true,"href":"https:\/\/web.montes.upm.es\/index.php?rest_route=%2Fwp%2Fv2%2Fcomments&post=10670"}],"version-history":[{"count":2,"href":"https:\/\/web.montes.upm.es\/index.php?rest_route=\/wp\/v2\/posts\/10670\/revisions"}],"predecessor-version":[{"id":10674,"href":"https:\/\/web.montes.upm.es\/index.php?rest_route=\/wp\/v2\/posts\/10670\/revisions\/10674"}],"wp:featuredmedia":[{"embeddable":true,"href":"https:\/\/web.montes.upm.es\/index.php?rest_route=\/wp\/v2\/media\/10671"}],"wp:attachment":[{"href":"https:\/\/web.montes.upm.es\/index.php?rest_route=%2Fwp%2Fv2%2Fmedia&parent=10670"}],"wp:term":[{"taxonomy":"category","embeddable":true,"href":"https:\/\/web.montes.upm.es\/index.php?rest_route=%2Fwp%2Fv2%2Fcategories&post=10670"},{"taxonomy":"post_tag","embeddable":true,"href":"https:\/\/web.montes.upm.es\/index.php?rest_route=%2Fwp%2Fv2%2Ftags&post=10670"}],"curies":[{"name":"wp","href":"https:\/\/api.w.org\/{rel}","templated":true}]}}